{"id":1350,"date":"2025-06-02T13:14:00","date_gmt":"2025-06-02T11:14:00","guid":{"rendered":"https:\/\/materiality.astrotea.pl\/?p=1350"},"modified":"2025-12-03T19:23:04","modified_gmt":"2025-12-03T18:23:04","slug":"coverage-event-previews-and-information","status":"publish","type":"post","link":"https:\/\/materiality.pl\/en\/wiedza-i-praktyka\/relacja-zapowiedzi-wydarzen-i-informacje\/","title":{"rendered":"Coverage, event announcements, and information"},"content":{"rendered":"<p>During&nbsp; <a href=\"https:\/\/polish-presidency.consilium.europa.eu\/en\/events\/2030-agenda-stakeholder-forum\/\" target=\"_blank\" rel=\"noopener noreferrer nofollow\">2030 Agenda Stakeholder Forum<\/a> I had the pleasure of participating in a workshop led by Witold Strzelecki from <a href=\"https:\/\/www.zpbsp.com\/\" target=\"_blank\" rel=\"noopener noreferrer nofollow\">Business &amp; Science Poland<\/a> panel discussion. Antonina Maria Wo\u017ana from <a href=\"https:\/\/commission.europa.eu\/about\/departments-and-executive-agencies\/financial-stability-financial-services-and-capital-markets-union_en?prefLang=pl\" target=\"_blank\" rel=\"noopener noreferrer nofollow\">DG FISMA<\/a>, Corina Murafa Benga from <a href=\"https:\/\/www.eesc.europa.eu\/pl\" target=\"_blank\" rel=\"noopener noreferrer nofollow\">European Economic and Social Committee<\/a> and Kamil Wyszkowski, manager <a href=\"https:\/\/ungc.org.pl\/\" target=\"_blank\" rel=\"noopener noreferrer nofollow\">UN Global Compact Network Poland<\/a>.<\/p>\n\n\n\n<p>Although the main topic of the conversation was the competitiveness of European companies, and Witold Strzelecki's excellent questions kept us focused on this topic, the discussion very quickly took on a rather one-sided character. Antonina Maria Wo\u017ana presented the Commission's arguments for putting forward the Omnibus proposal. The other three participants, however, presented further counterarguments in their statements.<\/p>\n\n\n\n<p>It was significant that Corina Benga pointed out that the Commission had requested the EESC's opinion within 30 days, even though the Committee always presents its position within six months. The European Economic and Social Committee is a body established by the Treaty on European Union, and the Commission is required to consult it on a number of issues. The Committee is composed of over 300 representatives of employers, employees, and non-governmental organizations appointed by the Member States. I have written many times about the lack of consultation on the Omnibus draft, but I was not previously aware that the Committee had also been omitted. It is difficult for me to comment on how recklessly the Commission decided to act, in violation of the basic provisions of the Treaty.<\/p>\n\n\n\n<p>Kamil Wyszkowski reminded that the laws of physics and chemistry are not subject to regulations modified according to the wishes of the European Commission. Weakening the competitiveness of European companies in the transformation process will not help them, but will only leave more room for dynamic growth of competition from other continents. The UN Global Compact's position on the Omnibus project is unequivocally negative.<\/p>\n\n\n\n<p>I will not repeat my arguments regarding the Omnibus here, as you, as readers of the newsletter, are already familiar with them. Instead, I recommend that you listen to <a href=\"https:\/\/en.frankbold.org\/frankly-speaking-podcast\/76-ludovic-flandin-does-business-really-want-sustainability-simplified\" target=\"_blank\" rel=\"noopener noreferrer nofollow\">the latest episode of the Frankly Speaking podcast<\/a>, in which Richard Howitt talks to Ludovic Flandin, vice president of WeAreEurope. He presents the results of the study I wrote about last week, highlighting several new and interesting details.<\/p>\n\n\n\n<p>In turn, at the beginning of next week (specifically, on June 3 and 4, 2025), I will be participating in <a href=\"https:\/\/seg.org.pl\/wydarzenie\/pokaz\/xvi-kongres-relacji-inwestorskich-spolek-gieldowych-seg\" target=\"_blank\" rel=\"noopener noreferrer nofollow\">Investor Relations Congress of the Polish Association of Listed Companies<\/a>. I hope to meet those of you who work in SEG member companies and have the opportunity to talk in person.<\/p>\n\n\n\n<p>On June 3, 2025, I will also participate in a meeting during which a group of several representatives of companies, banks, investment funds, and organizations such as PRI and Eurosif will present their opinions on the Omnibus project to MEPs working in committees that are to issue their opinions.<\/p>\n\n\n\n<p>If you are considering preparing a report based on VSME guidelines, take a look at the EFRAG website. Last week, it published <a href=\"https:\/\/www.efrag.org\/en\/vsme-digital-template-and-xbrl-taxonomy\" target=\"_blank\" rel=\"noopener noreferrer nofollow\">complete tool<\/a> used for reporting, together with a converter that automatically tags the prepared report with XBRL tags. For now, it is available in English, but I believe that the Ministry of Development and Technology will soon provide us with a Polish version, as was the case with the VSME guidelines themselves.<\/p>\n\n\n\n<p>Last week, EFRAG also announced its composition. <a href=\"https:\/\/www.efrag.org\/en\/about-us\/governance\/efrag-sustainability-reporting-technical-expert-group-efrag-sr-teg\" target=\"_blank\" rel=\"noopener noreferrer nofollow\">Sustainability Reporting TEG<\/a> for another term. I am delighted to announce that I have been appointed for two years, until 2027. I promise to continue fighting for practical, useful, and comprehensive standards and, of course, to provide you with all relevant information from EFRAG as soon as possible ?<\/p>\n\n\n\n<p>P.S. I've bombarded you with links in this newsletter. But please read one more piece of information. Last week <a href=\"https:\/\/www.climatechangenews.com\/2025\/05\/27\/the-peruvian-farmer-who-has-changed-the-climate-litigation-landscape-forever\/\" target=\"_blank\" rel=\"noopener noreferrer nofollow\">A German court has decided<\/a>, that greenhouse gas emitters (in this case, the German energy company RWE) can be held liable directly as a result of lawsuits brought by people affected by climate change. When Polish highlanders, who are losing their winter business year after year as a result of shorter snow cover, read about this ruling, I expect to see an interesting lawsuit against the largest Polish energy companies fairly soon. And then we'll sit on the couch with popcorn and watch to see who the Polish court will rule in favor of: Polish highlanders or Polish companies with a large share of the State Treasury ?<\/p>","protected":false},"excerpt":{"rendered":"<p>A week ago, I promised to report on the Agenda 2030 Stakeholder Forum conference, and today's newsletter includes that report. In addition, there are announcements of two events and two pieces of news from EFRAG. What interesting things have happened and will happen in the coming days?<\/p>","protected":false},"author":2,"featured_media":0,"comment_status":"closed","ping_status":"closed","sticky":false,"template":"","format":"standard","meta":{"_monsterinsights_skip_tracking":false,"_monsterinsights_sitenote_active":false,"_monsterinsights_sitenote_note":"","_monsterinsights_sitenote_category":0,"footnotes":""},"categories":[13],"tags":[38,20],"class_list":["post-1350","post","type-post","status-publish","format-standard","hentry","category-newsletter-piotra-biernackiego","tag-omnibus","tag-raportowanie-esg"],"yoast_head":"<!-- This site is optimized with the Yoast SEO plugin v27.5 - https:\/\/yoast.com\/product\/yoast-seo-wordpress\/ -->\n<title>Relacja, zapowiedzi wydarze\u0144 i informacje &#8226; MATERIALITY<\/title>\n<meta name=\"robots\" content=\"index, follow, max-snippet:-1, max-image-preview:large, max-video-preview:-1\" \/>\n<link rel=\"canonical\" href=\"https:\/\/materiality.pl\/en\/knowledge-and-practice\/coverage-event-previews-and-information\/\" \/>\n<meta property=\"og:locale\" content=\"en_US\" \/>\n<meta property=\"og:type\" content=\"article\" \/>\n<meta property=\"og:title\" content=\"Relacja, zapowiedzi wydarze\u0144 i informacje &#8226; MATERIALITY\" \/>\n<meta property=\"og:description\" content=\"Tydzie\u0144 temu obieca\u0142em relacj\u0119 z konferencji Agenda 2030 Stakeholder Forum i w dzisiejszym newsletterze znalaz\u0142a si\u0119 ona. A dodatkowo zapowied\u017a dw\u00f3ch wydarze\u0144 i dwie informacje z EFRAG\u2019u. Co ciekawego zdarzy\u0142o si\u0119 i zdarzy si\u0119 w najbli\u017cszych dniach?\" \/>\n<meta property=\"og:url\" content=\"https:\/\/materiality.pl\/en\/knowledge-and-practice\/coverage-event-previews-and-information\/\" \/>\n<meta property=\"og:site_name\" content=\"MATERIALITY\" \/>\n<meta property=\"article:publisher\" content=\"https:\/\/www.facebook.com\/materialitypl\/\" \/>\n<meta property=\"article:published_time\" content=\"2025-06-02T11:14:00+00:00\" \/>\n<meta property=\"article:modified_time\" content=\"2025-12-03T18:23:04+00:00\" \/>\n<meta property=\"og:image\" content=\"https:\/\/materiality.pl\/wp-content\/uploads\/kontakt-hero.webp\" \/>\n\t<meta property=\"og:image:width\" content=\"2112\" \/>\n\t<meta property=\"og:image:height\" content=\"1110\" \/>\n\t<meta property=\"og:image:type\" content=\"image\/webp\" \/>\n<meta name=\"author\" content=\"@dm1N-1G@\" \/>\n<script type=\"application\/ld+json\" class=\"yoast-schema-graph\">{\"@context\":\"https:\\\/\\\/schema.org\",\"@graph\":[{\"@type\":\"Article\",\"@id\":\"https:\\\/\\\/materiality.pl\\\/wiedza-i-praktyka\\\/relacja-zapowiedzi-wydarzen-i-informacje\\\/#article\",\"isPartOf\":{\"@id\":\"https:\\\/\\\/materiality.pl\\\/wiedza-i-praktyka\\\/relacja-zapowiedzi-wydarzen-i-informacje\\\/\"},\"author\":{\"name\":\"@dm1N-1G@\",\"@id\":\"https:\\\/\\\/materiality.pl\\\/#\\\/schema\\\/person\\\/add2478f07f77004ce1e942805f5c153\"},\"headline\":\"Relacja, zapowiedzi wydarze\u0144 i informacje\",\"datePublished\":\"2025-06-02T11:14:00+00:00\",\"dateModified\":\"2025-12-03T18:23:04+00:00\",\"mainEntityOfPage\":{\"@id\":\"https:\\\/\\\/materiality.pl\\\/wiedza-i-praktyka\\\/relacja-zapowiedzi-wydarzen-i-informacje\\\/\"},\"wordCount\":698,\"publisher\":{\"@id\":\"https:\\\/\\\/materiality.pl\\\/#organization\"},\"keywords\":[\"Omnibus\",\"Raportowanie ESG\"],\"articleSection\":[\"Newsletter Piotra Biernackiego\"],\"inLanguage\":\"en-US\"},{\"@type\":\"WebPage\",\"@id\":\"https:\\\/\\\/materiality.pl\\\/wiedza-i-praktyka\\\/relacja-zapowiedzi-wydarzen-i-informacje\\\/\",\"url\":\"https:\\\/\\\/materiality.pl\\\/wiedza-i-praktyka\\\/relacja-zapowiedzi-wydarzen-i-informacje\\\/\",\"name\":\"Relacja, zapowiedzi wydarze\u0144 i informacje &#8226; MATERIALITY\",\"isPartOf\":{\"@id\":\"https:\\\/\\\/materiality.pl\\\/#website\"},\"datePublished\":\"2025-06-02T11:14:00+00:00\",\"dateModified\":\"2025-12-03T18:23:04+00:00\",\"breadcrumb\":{\"@id\":\"https:\\\/\\\/materiality.pl\\\/wiedza-i-praktyka\\\/relacja-zapowiedzi-wydarzen-i-informacje\\\/#breadcrumb\"},\"inLanguage\":\"en-US\",\"potentialAction\":[{\"@type\":\"ReadAction\",\"target\":[\"https:\\\/\\\/materiality.pl\\\/wiedza-i-praktyka\\\/relacja-zapowiedzi-wydarzen-i-informacje\\\/\"]}]},{\"@type\":\"BreadcrumbList\",\"@id\":\"https:\\\/\\\/materiality.pl\\\/wiedza-i-praktyka\\\/relacja-zapowiedzi-wydarzen-i-informacje\\\/#breadcrumb\",\"itemListElement\":[{\"@type\":\"ListItem\",\"position\":1,\"name\":\"Home\",\"item\":\"https:\\\/\\\/materiality.pl\\\/\"},{\"@type\":\"ListItem\",\"position\":2,\"name\":\"Relacja, zapowiedzi wydarze\u0144 i informacje\"}]},{\"@type\":\"WebSite\",\"@id\":\"https:\\\/\\\/materiality.pl\\\/#website\",\"url\":\"https:\\\/\\\/materiality.pl\\\/\",\"name\":\"MATERIALITY\",\"description\":\"Sustainability Pathfinders\",\"publisher\":{\"@id\":\"https:\\\/\\\/materiality.pl\\\/#organization\"},\"alternateName\":\"MATERIALITY\",\"potentialAction\":[{\"@type\":\"SearchAction\",\"target\":{\"@type\":\"EntryPoint\",\"urlTemplate\":\"https:\\\/\\\/materiality.pl\\\/?s={search_term_string}\"},\"query-input\":{\"@type\":\"PropertyValueSpecification\",\"valueRequired\":true,\"valueName\":\"search_term_string\"}}],\"inLanguage\":\"en-US\"},{\"@type\":\"Organization\",\"@id\":\"https:\\\/\\\/materiality.pl\\\/#organization\",\"name\":\"MATERIALITY\",\"alternateName\":\"Materiality\",\"url\":\"https:\\\/\\\/materiality.pl\\\/\",\"logo\":{\"@type\":\"ImageObject\",\"inLanguage\":\"en-US\",\"@id\":\"https:\\\/\\\/materiality.pl\\\/#\\\/schema\\\/logo\\\/image\\\/\",\"url\":\"https:\\\/\\\/materiality.pl\\\/wp-content\\\/uploads\\\/cropped-favicon-materiality.webp\",\"contentUrl\":\"https:\\\/\\\/materiality.pl\\\/wp-content\\\/uploads\\\/cropped-favicon-materiality.webp\",\"width\":512,\"height\":512,\"caption\":\"MATERIALITY\"},\"image\":{\"@id\":\"https:\\\/\\\/materiality.pl\\\/#\\\/schema\\\/logo\\\/image\\\/\"},\"sameAs\":[\"https:\\\/\\\/www.facebook.com\\\/materialitypl\\\/\",\"https:\\\/\\\/www.linkedin.com\\\/company\\\/materialitypl\\\/\"]},{\"@type\":\"Person\",\"@id\":\"https:\\\/\\\/materiality.pl\\\/#\\\/schema\\\/person\\\/add2478f07f77004ce1e942805f5c153\",\"name\":\"@dm1N-1G@\",\"image\":{\"@type\":\"ImageObject\",\"inLanguage\":\"en-US\",\"@id\":\"https:\\\/\\\/secure.gravatar.com\\\/avatar\\\/0965ab2ca89366c100a6978315ef84a1db5832cc251654877b049a0e3b966653?s=96&d=mm&r=g\",\"url\":\"https:\\\/\\\/secure.gravatar.com\\\/avatar\\\/0965ab2ca89366c100a6978315ef84a1db5832cc251654877b049a0e3b966653?s=96&d=mm&r=g\",\"contentUrl\":\"https:\\\/\\\/secure.gravatar.com\\\/avatar\\\/0965ab2ca89366c100a6978315ef84a1db5832cc251654877b049a0e3b966653?s=96&d=mm&r=g\",\"caption\":\"@dm1N-1G@\"}}]}<\/script>\n<!-- \/ Yoast SEO plugin. -->","yoast_head_json":{"title":"Coverage, event announcements, and information \u2022 MATERIALITY","robots":{"index":"index","follow":"follow","max-snippet":"max-snippet:-1","max-image-preview":"max-image-preview:large","max-video-preview":"max-video-preview:-1"},"canonical":"https:\/\/materiality.pl\/en\/knowledge-and-practice\/coverage-event-previews-and-information\/","og_locale":"en_US","og_type":"article","og_title":"Relacja, zapowiedzi wydarze\u0144 i informacje &#8226; MATERIALITY","og_description":"Tydzie\u0144 temu obieca\u0142em relacj\u0119 z konferencji Agenda 2030 Stakeholder Forum i w dzisiejszym newsletterze znalaz\u0142a si\u0119 ona. A dodatkowo zapowied\u017a dw\u00f3ch wydarze\u0144 i dwie informacje z EFRAG\u2019u. Co ciekawego zdarzy\u0142o si\u0119 i zdarzy si\u0119 w najbli\u017cszych dniach?","og_url":"https:\/\/materiality.pl\/en\/knowledge-and-practice\/coverage-event-previews-and-information\/","og_site_name":"MATERIALITY","article_publisher":"https:\/\/www.facebook.com\/materialitypl\/","article_published_time":"2025-06-02T11:14:00+00:00","article_modified_time":"2025-12-03T18:23:04+00:00","og_image":[{"width":2112,"height":1110,"url":"https:\/\/materiality.pl\/wp-content\/uploads\/kontakt-hero.webp","type":"image\/webp"}],"author":"@dm1N-1G@","schema":{"@context":"https:\/\/schema.org","@graph":[{"@type":"Article","@id":"https:\/\/materiality.pl\/wiedza-i-praktyka\/relacja-zapowiedzi-wydarzen-i-informacje\/#article","isPartOf":{"@id":"https:\/\/materiality.pl\/wiedza-i-praktyka\/relacja-zapowiedzi-wydarzen-i-informacje\/"},"author":{"name":"@dm1N-1G@","@id":"https:\/\/materiality.pl\/#\/schema\/person\/add2478f07f77004ce1e942805f5c153"},"headline":"Relacja, zapowiedzi wydarze\u0144 i informacje","datePublished":"2025-06-02T11:14:00+00:00","dateModified":"2025-12-03T18:23:04+00:00","mainEntityOfPage":{"@id":"https:\/\/materiality.pl\/wiedza-i-praktyka\/relacja-zapowiedzi-wydarzen-i-informacje\/"},"wordCount":698,"publisher":{"@id":"https:\/\/materiality.pl\/#organization"},"keywords":["Omnibus","Raportowanie ESG"],"articleSection":["Newsletter Piotra Biernackiego"],"inLanguage":"en-US"},{"@type":"WebPage","@id":"https:\/\/materiality.pl\/wiedza-i-praktyka\/relacja-zapowiedzi-wydarzen-i-informacje\/","url":"https:\/\/materiality.pl\/wiedza-i-praktyka\/relacja-zapowiedzi-wydarzen-i-informacje\/","name":"Coverage, event announcements, and information \u2022 MATERIALITY","isPartOf":{"@id":"https:\/\/materiality.pl\/#website"},"datePublished":"2025-06-02T11:14:00+00:00","dateModified":"2025-12-03T18:23:04+00:00","breadcrumb":{"@id":"https:\/\/materiality.pl\/wiedza-i-praktyka\/relacja-zapowiedzi-wydarzen-i-informacje\/#breadcrumb"},"inLanguage":"en-US","potentialAction":[{"@type":"ReadAction","target":["https:\/\/materiality.pl\/wiedza-i-praktyka\/relacja-zapowiedzi-wydarzen-i-informacje\/"]}]},{"@type":"BreadcrumbList","@id":"https:\/\/materiality.pl\/wiedza-i-praktyka\/relacja-zapowiedzi-wydarzen-i-informacje\/#breadcrumb","itemListElement":[{"@type":"ListItem","position":1,"name":"Home","item":"https:\/\/materiality.pl\/"},{"@type":"ListItem","position":2,"name":"Relacja, zapowiedzi wydarze\u0144 i informacje"}]},{"@type":"WebSite","@id":"https:\/\/materiality.pl\/#website","url":"https:\/\/materiality.pl\/","name":"MATERIALITY","description":"Sustainability Pathfinders","publisher":{"@id":"https:\/\/materiality.pl\/#organization"},"alternateName":"MATERIALITY","potentialAction":[{"@type":"SearchAction","target":{"@type":"EntryPoint","urlTemplate":"https:\/\/materiality.pl\/?s={search_term_string}"},"query-input":{"@type":"PropertyValueSpecification","valueRequired":true,"valueName":"search_term_string"}}],"inLanguage":"en-US"},{"@type":"Organization","@id":"https:\/\/materiality.pl\/#organization","name":"MATERIALITY","alternateName":"Materiality","url":"https:\/\/materiality.pl\/","logo":{"@type":"ImageObject","inLanguage":"en-US","@id":"https:\/\/materiality.pl\/#\/schema\/logo\/image\/","url":"https:\/\/materiality.pl\/wp-content\/uploads\/cropped-favicon-materiality.webp","contentUrl":"https:\/\/materiality.pl\/wp-content\/uploads\/cropped-favicon-materiality.webp","width":512,"height":512,"caption":"MATERIALITY"},"image":{"@id":"https:\/\/materiality.pl\/#\/schema\/logo\/image\/"},"sameAs":["https:\/\/www.facebook.com\/materialitypl\/","https:\/\/www.linkedin.com\/company\/materialitypl\/"]},{"@type":"Person","@id":"https:\/\/materiality.pl\/#\/schema\/person\/add2478f07f77004ce1e942805f5c153","name":"@dm1N-1G@","image":{"@type":"ImageObject","inLanguage":"en-US","@id":"https:\/\/secure.gravatar.com\/avatar\/0965ab2ca89366c100a6978315ef84a1db5832cc251654877b049a0e3b966653?s=96&d=mm&r=g","url":"https:\/\/secure.gravatar.com\/avatar\/0965ab2ca89366c100a6978315ef84a1db5832cc251654877b049a0e3b966653?s=96&d=mm&r=g","contentUrl":"https:\/\/secure.gravatar.com\/avatar\/0965ab2ca89366c100a6978315ef84a1db5832cc251654877b049a0e3b966653?s=96&d=mm&r=g","caption":"@dm1N-1G@"}}]}},"_links":{"self":[{"href":"https:\/\/materiality.pl\/en\/wp-json\/wp\/v2\/posts\/1350","targetHints":{"allow":["GET"]}}],"collection":[{"href":"https:\/\/materiality.pl\/en\/wp-json\/wp\/v2\/posts"}],"about":[{"href":"https:\/\/materiality.pl\/en\/wp-json\/wp\/v2\/types\/post"}],"author":[{"embeddable":true,"href":"https:\/\/materiality.pl\/en\/wp-json\/wp\/v2\/users\/2"}],"replies":[{"embeddable":true,"href":"https:\/\/materiality.pl\/en\/wp-json\/wp\/v2\/comments?post=1350"}],"version-history":[{"count":1,"href":"https:\/\/materiality.pl\/en\/wp-json\/wp\/v2\/posts\/1350\/revisions"}],"predecessor-version":[{"id":1353,"href":"https:\/\/materiality.pl\/en\/wp-json\/wp\/v2\/posts\/1350\/revisions\/1353"}],"wp:attachment":[{"href":"https:\/\/materiality.pl\/en\/wp-json\/wp\/v2\/media?parent=1350"}],"wp:term":[{"taxonomy":"category","embeddable":true,"href":"https:\/\/materiality.pl\/en\/wp-json\/wp\/v2\/categories?post=1350"},{"taxonomy":"post_tag","embeddable":true,"href":"https:\/\/materiality.pl\/en\/wp-json\/wp\/v2\/tags?post=1350"}],"curies":[{"name":"wp","href":"https:\/\/api.w.org\/{rel}","templated":true}]}}