{"id":1390,"date":"2025-10-27T13:30:00","date_gmt":"2025-10-27T12:30:00","guid":{"rendered":"https:\/\/materiality.astrotea.pl\/?p=1390"},"modified":"2025-12-03T19:25:08","modified_gmt":"2025-12-03T18:25:08","slug":"25-years-un-global-compact","status":"publish","type":"post","link":"https:\/\/materiality.pl\/en\/wiedza-i-praktyka\/25-lat-un-global-compact\/","title":{"rendered":"25 years of the UN Global Compact"},"content":{"rendered":"<p>Currently <a href=\"https:\/\/unglobalcompact.org\/what-is-gc\/participants\/search?page=1&amp;search%5Bcountries%5D%5B%5D=160&amp;search%5Bkeywords%5D=&amp;search%5Bper_page%5D=10&amp;search%5Bsort_direction%5D=asc&amp;search%5Bsort_field%5D=\" target=\"_blank\" rel=\"noopener noreferrer nofollow\">230 companies are members of the Polish UNGC network<\/a>, with as many as 73 of them joining in less than two years. MATERIALITY is also in this group; we have been a member of the UNGC since June 2025. Having observed the Global Compact for years, I can see that recent years have seen a clear increase in the number of members. What is more, not only the largest companies are joining the Polish network, but also medium-sized and smaller enterprises.<\/p>\n\n\n\n<p>This is a good sign, because from the outset, the UNGC was intended to be a universal initiative open to all companies that declare their commitment to 10 universal principles concerning human rights, labor rights, environmental protection, and anti-corruption and anti-bribery. The Global Compact was created out of the need to establish a platform for cooperation between the United Nations and the private sector. The UN brings together states, and international treaties, such as the Paris Agreement, are negotiated and concluded by governments, but their subsequent implementation cannot take place in isolation from businesses.<\/p>\n\n\n\n<p>This phenomenon of gradually involving business in the implementation of international agreements can be seen in the example of combating climate change. After 2015, during successive annual COPs (Conference of Parties), almost all the details of how we will strive to halt the climate crisis have already been agreed upon. However, it is not governments that build power plants using renewable energy sources, but individual companies. It is not government officials who protect companies from the negative effects of climate change, but these companies themselves that identify risks and implement adaptation measures.<\/p>\n\n\n\n<p>The Global Compact creates such a platform, which facilitates understanding of new operating principles and enables each company to participate in a manner appropriate to its needs. The three main programs currently implemented by the UNGC are Business &amp; Human Rights (concerning the practical implementation of UN guidelines on business and human rights), Climate Positive (concerning the transition to more sustainable business models), and Governance Compass (concerning strengthening the resilience of companies through ethics and transparency). It is also worth noting the Fast Forward initiative, which provides practical tools for implementing the UN Sustainable Development Goals.<\/p>\n\n\n\n<p>MATERIALITY clients often ask us for our opinion on whether it is worth joining various initiatives related to ESG, sustainable development, climate, etc. There have been many such initiatives in recent years, ranging from interesting and valuable to worthless and bordering on or outright greenwashing. We almost always begin our recommendation with a suggestion to join the UNGC, find your place in it, and actively participate in at least one program. Among these numerous initiatives, the Global Compact stands out for its consistency and the specific values that can be gained from membership. If you have heard of the UNGC but do not know all the details, simply read about it yourself. <a href=\"https:\/\/ungc.org.pl\/\" target=\"_blank\" rel=\"noopener noreferrer nofollow\">on its website<\/a> ?<\/p>","protected":false},"excerpt":{"rendered":"<p>On October 24, 2025, the United Nations Global Compact initiative celebrated its twenty-fifth anniversary. The Polish UNGC network organized its annual gala to mark the occasion, which was an opportunity to summarize and recall several ongoing initiatives. Although the UNGC probably needs no introduction, it is worth recalling some of the organization's activities.<\/p>","protected":false},"author":2,"featured_media":0,"comment_status":"closed","ping_status":"closed","sticky":false,"template":"","format":"standard","meta":{"_monsterinsights_skip_tracking":false,"_monsterinsights_sitenote_active":false,"_monsterinsights_sitenote_note":"","_monsterinsights_sitenote_category":0,"footnotes":""},"categories":[13],"tags":[30,52],"class_list":["post-1390","post","type-post","status-publish","format-standard","hentry","category-newsletter-piotra-biernackiego","tag-aktywnosci-materiality","tag-sdgs"],"yoast_head":"<!-- This site is optimized with the Yoast SEO plugin v27.5 - https:\/\/yoast.com\/product\/yoast-seo-wordpress\/ -->\n<title>25 lat UN Global Compact &#8226; MATERIALITY<\/title>\n<meta name=\"robots\" content=\"index, follow, max-snippet:-1, max-image-preview:large, max-video-preview:-1\" \/>\n<link rel=\"canonical\" href=\"https:\/\/materiality.pl\/en\/knowledge-and-practice\/25-years-un-global-compact\/\" \/>\n<meta property=\"og:locale\" content=\"en_US\" \/>\n<meta property=\"og:type\" content=\"article\" \/>\n<meta property=\"og:title\" content=\"25 lat UN Global Compact &#8226; MATERIALITY\" \/>\n<meta property=\"og:description\" content=\"24 pa\u017adziernika 2025 r. inicjatywa United Nations Global Compact obchodzi\u0142a dwudziest\u0105 pi\u0105t\u0105 rocznic\u0119 powstania. Polska sie\u0107 UNGC zorganizowa\u0142a z tej okazji swoj\u0105 doroczn\u0105 gal\u0119, kt\u00f3ra by\u0142a okazj\u0105 do podsumowa\u0144 i przypomnienia o kilku prowadzonych inicjatywach. Cho\u0107 UNGC nie trzeba chyba nikomu przedstawia\u0107, to warto o kilku dzia\u0142aniach tej organizacji przypomnie\u0107.\" \/>\n<meta property=\"og:url\" content=\"https:\/\/materiality.pl\/en\/knowledge-and-practice\/25-years-un-global-compact\/\" \/>\n<meta property=\"og:site_name\" content=\"MATERIALITY\" \/>\n<meta property=\"article:publisher\" content=\"https:\/\/www.facebook.com\/materialitypl\/\" \/>\n<meta property=\"article:published_time\" content=\"2025-10-27T12:30:00+00:00\" \/>\n<meta property=\"article:modified_time\" content=\"2025-12-03T18:25:08+00:00\" \/>\n<meta property=\"og:image\" content=\"https:\/\/materiality.pl\/wp-content\/uploads\/kontakt-hero.webp\" \/>\n\t<meta property=\"og:image:width\" content=\"2112\" \/>\n\t<meta property=\"og:image:height\" content=\"1110\" \/>\n\t<meta property=\"og:image:type\" content=\"image\/webp\" \/>\n<meta name=\"author\" content=\"@dm1N-1G@\" \/>\n<script type=\"application\/ld+json\" class=\"yoast-schema-graph\">{\"@context\":\"https:\\\/\\\/schema.org\",\"@graph\":[{\"@type\":\"Article\",\"@id\":\"https:\\\/\\\/materiality.pl\\\/wiedza-i-praktyka\\\/25-lat-un-global-compact\\\/#article\",\"isPartOf\":{\"@id\":\"https:\\\/\\\/materiality.pl\\\/wiedza-i-praktyka\\\/25-lat-un-global-compact\\\/\"},\"author\":{\"name\":\"@dm1N-1G@\",\"@id\":\"https:\\\/\\\/materiality.pl\\\/#\\\/schema\\\/person\\\/add2478f07f77004ce1e942805f5c153\"},\"headline\":\"25 lat UN Global Compact\",\"datePublished\":\"2025-10-27T12:30:00+00:00\",\"dateModified\":\"2025-12-03T18:25:08+00:00\",\"mainEntityOfPage\":{\"@id\":\"https:\\\/\\\/materiality.pl\\\/wiedza-i-praktyka\\\/25-lat-un-global-compact\\\/\"},\"wordCount\":522,\"publisher\":{\"@id\":\"https:\\\/\\\/materiality.pl\\\/#organization\"},\"keywords\":[\"Aktywno\u015bci MATERIALITY\",\"SDGs\"],\"articleSection\":[\"Newsletter Piotra Biernackiego\"],\"inLanguage\":\"en-US\"},{\"@type\":\"WebPage\",\"@id\":\"https:\\\/\\\/materiality.pl\\\/wiedza-i-praktyka\\\/25-lat-un-global-compact\\\/\",\"url\":\"https:\\\/\\\/materiality.pl\\\/wiedza-i-praktyka\\\/25-lat-un-global-compact\\\/\",\"name\":\"25 lat UN Global Compact &#8226; MATERIALITY\",\"isPartOf\":{\"@id\":\"https:\\\/\\\/materiality.pl\\\/#website\"},\"datePublished\":\"2025-10-27T12:30:00+00:00\",\"dateModified\":\"2025-12-03T18:25:08+00:00\",\"breadcrumb\":{\"@id\":\"https:\\\/\\\/materiality.pl\\\/wiedza-i-praktyka\\\/25-lat-un-global-compact\\\/#breadcrumb\"},\"inLanguage\":\"en-US\",\"potentialAction\":[{\"@type\":\"ReadAction\",\"target\":[\"https:\\\/\\\/materiality.pl\\\/wiedza-i-praktyka\\\/25-lat-un-global-compact\\\/\"]}]},{\"@type\":\"BreadcrumbList\",\"@id\":\"https:\\\/\\\/materiality.pl\\\/wiedza-i-praktyka\\\/25-lat-un-global-compact\\\/#breadcrumb\",\"itemListElement\":[{\"@type\":\"ListItem\",\"position\":1,\"name\":\"Home\",\"item\":\"https:\\\/\\\/materiality.pl\\\/\"},{\"@type\":\"ListItem\",\"position\":2,\"name\":\"25 lat UN Global Compact\"}]},{\"@type\":\"WebSite\",\"@id\":\"https:\\\/\\\/materiality.pl\\\/#website\",\"url\":\"https:\\\/\\\/materiality.pl\\\/\",\"name\":\"MATERIALITY\",\"description\":\"Sustainability Pathfinders\",\"publisher\":{\"@id\":\"https:\\\/\\\/materiality.pl\\\/#organization\"},\"alternateName\":\"MATERIALITY\",\"potentialAction\":[{\"@type\":\"SearchAction\",\"target\":{\"@type\":\"EntryPoint\",\"urlTemplate\":\"https:\\\/\\\/materiality.pl\\\/?s={search_term_string}\"},\"query-input\":{\"@type\":\"PropertyValueSpecification\",\"valueRequired\":true,\"valueName\":\"search_term_string\"}}],\"inLanguage\":\"en-US\"},{\"@type\":\"Organization\",\"@id\":\"https:\\\/\\\/materiality.pl\\\/#organization\",\"name\":\"MATERIALITY\",\"alternateName\":\"Materiality\",\"url\":\"https:\\\/\\\/materiality.pl\\\/\",\"logo\":{\"@type\":\"ImageObject\",\"inLanguage\":\"en-US\",\"@id\":\"https:\\\/\\\/materiality.pl\\\/#\\\/schema\\\/logo\\\/image\\\/\",\"url\":\"https:\\\/\\\/materiality.pl\\\/wp-content\\\/uploads\\\/cropped-favicon-materiality.webp\",\"contentUrl\":\"https:\\\/\\\/materiality.pl\\\/wp-content\\\/uploads\\\/cropped-favicon-materiality.webp\",\"width\":512,\"height\":512,\"caption\":\"MATERIALITY\"},\"image\":{\"@id\":\"https:\\\/\\\/materiality.pl\\\/#\\\/schema\\\/logo\\\/image\\\/\"},\"sameAs\":[\"https:\\\/\\\/www.facebook.com\\\/materialitypl\\\/\",\"https:\\\/\\\/www.linkedin.com\\\/company\\\/materialitypl\\\/\"]},{\"@type\":\"Person\",\"@id\":\"https:\\\/\\\/materiality.pl\\\/#\\\/schema\\\/person\\\/add2478f07f77004ce1e942805f5c153\",\"name\":\"@dm1N-1G@\",\"image\":{\"@type\":\"ImageObject\",\"inLanguage\":\"en-US\",\"@id\":\"https:\\\/\\\/secure.gravatar.com\\\/avatar\\\/0965ab2ca89366c100a6978315ef84a1db5832cc251654877b049a0e3b966653?s=96&d=mm&r=g\",\"url\":\"https:\\\/\\\/secure.gravatar.com\\\/avatar\\\/0965ab2ca89366c100a6978315ef84a1db5832cc251654877b049a0e3b966653?s=96&d=mm&r=g\",\"contentUrl\":\"https:\\\/\\\/secure.gravatar.com\\\/avatar\\\/0965ab2ca89366c100a6978315ef84a1db5832cc251654877b049a0e3b966653?s=96&d=mm&r=g\",\"caption\":\"@dm1N-1G@\"}}]}<\/script>\n<!-- \/ Yoast SEO plugin. -->","yoast_head_json":{"title":"25 years of the UN Global Compact \u2022 MATERIALITY","robots":{"index":"index","follow":"follow","max-snippet":"max-snippet:-1","max-image-preview":"max-image-preview:large","max-video-preview":"max-video-preview:-1"},"canonical":"https:\/\/materiality.pl\/en\/knowledge-and-practice\/25-years-un-global-compact\/","og_locale":"en_US","og_type":"article","og_title":"25 lat UN Global Compact &#8226; MATERIALITY","og_description":"24 pa\u017adziernika 2025 r. inicjatywa United Nations Global Compact obchodzi\u0142a dwudziest\u0105 pi\u0105t\u0105 rocznic\u0119 powstania. Polska sie\u0107 UNGC zorganizowa\u0142a z tej okazji swoj\u0105 doroczn\u0105 gal\u0119, kt\u00f3ra by\u0142a okazj\u0105 do podsumowa\u0144 i przypomnienia o kilku prowadzonych inicjatywach. Cho\u0107 UNGC nie trzeba chyba nikomu przedstawia\u0107, to warto o kilku dzia\u0142aniach tej organizacji przypomnie\u0107.","og_url":"https:\/\/materiality.pl\/en\/knowledge-and-practice\/25-years-un-global-compact\/","og_site_name":"MATERIALITY","article_publisher":"https:\/\/www.facebook.com\/materialitypl\/","article_published_time":"2025-10-27T12:30:00+00:00","article_modified_time":"2025-12-03T18:25:08+00:00","og_image":[{"width":2112,"height":1110,"url":"https:\/\/materiality.pl\/wp-content\/uploads\/kontakt-hero.webp","type":"image\/webp"}],"author":"@dm1N-1G@","schema":{"@context":"https:\/\/schema.org","@graph":[{"@type":"Article","@id":"https:\/\/materiality.pl\/wiedza-i-praktyka\/25-lat-un-global-compact\/#article","isPartOf":{"@id":"https:\/\/materiality.pl\/wiedza-i-praktyka\/25-lat-un-global-compact\/"},"author":{"name":"@dm1N-1G@","@id":"https:\/\/materiality.pl\/#\/schema\/person\/add2478f07f77004ce1e942805f5c153"},"headline":"25 lat UN Global Compact","datePublished":"2025-10-27T12:30:00+00:00","dateModified":"2025-12-03T18:25:08+00:00","mainEntityOfPage":{"@id":"https:\/\/materiality.pl\/wiedza-i-praktyka\/25-lat-un-global-compact\/"},"wordCount":522,"publisher":{"@id":"https:\/\/materiality.pl\/#organization"},"keywords":["Aktywno\u015bci MATERIALITY","SDGs"],"articleSection":["Newsletter Piotra Biernackiego"],"inLanguage":"en-US"},{"@type":"WebPage","@id":"https:\/\/materiality.pl\/wiedza-i-praktyka\/25-lat-un-global-compact\/","url":"https:\/\/materiality.pl\/wiedza-i-praktyka\/25-lat-un-global-compact\/","name":"25 years of the UN Global Compact \u2022 MATERIALITY","isPartOf":{"@id":"https:\/\/materiality.pl\/#website"},"datePublished":"2025-10-27T12:30:00+00:00","dateModified":"2025-12-03T18:25:08+00:00","breadcrumb":{"@id":"https:\/\/materiality.pl\/wiedza-i-praktyka\/25-lat-un-global-compact\/#breadcrumb"},"inLanguage":"en-US","potentialAction":[{"@type":"ReadAction","target":["https:\/\/materiality.pl\/wiedza-i-praktyka\/25-lat-un-global-compact\/"]}]},{"@type":"BreadcrumbList","@id":"https:\/\/materiality.pl\/wiedza-i-praktyka\/25-lat-un-global-compact\/#breadcrumb","itemListElement":[{"@type":"ListItem","position":1,"name":"Home","item":"https:\/\/materiality.pl\/"},{"@type":"ListItem","position":2,"name":"25 lat UN Global Compact"}]},{"@type":"WebSite","@id":"https:\/\/materiality.pl\/#website","url":"https:\/\/materiality.pl\/","name":"MATERIALITY","description":"Sustainability Pathfinders","publisher":{"@id":"https:\/\/materiality.pl\/#organization"},"alternateName":"MATERIALITY","potentialAction":[{"@type":"SearchAction","target":{"@type":"EntryPoint","urlTemplate":"https:\/\/materiality.pl\/?s={search_term_string}"},"query-input":{"@type":"PropertyValueSpecification","valueRequired":true,"valueName":"search_term_string"}}],"inLanguage":"en-US"},{"@type":"Organization","@id":"https:\/\/materiality.pl\/#organization","name":"MATERIALITY","alternateName":"Materiality","url":"https:\/\/materiality.pl\/","logo":{"@type":"ImageObject","inLanguage":"en-US","@id":"https:\/\/materiality.pl\/#\/schema\/logo\/image\/","url":"https:\/\/materiality.pl\/wp-content\/uploads\/cropped-favicon-materiality.webp","contentUrl":"https:\/\/materiality.pl\/wp-content\/uploads\/cropped-favicon-materiality.webp","width":512,"height":512,"caption":"MATERIALITY"},"image":{"@id":"https:\/\/materiality.pl\/#\/schema\/logo\/image\/"},"sameAs":["https:\/\/www.facebook.com\/materialitypl\/","https:\/\/www.linkedin.com\/company\/materialitypl\/"]},{"@type":"Person","@id":"https:\/\/materiality.pl\/#\/schema\/person\/add2478f07f77004ce1e942805f5c153","name":"@dm1N-1G@","image":{"@type":"ImageObject","inLanguage":"en-US","@id":"https:\/\/secure.gravatar.com\/avatar\/0965ab2ca89366c100a6978315ef84a1db5832cc251654877b049a0e3b966653?s=96&d=mm&r=g","url":"https:\/\/secure.gravatar.com\/avatar\/0965ab2ca89366c100a6978315ef84a1db5832cc251654877b049a0e3b966653?s=96&d=mm&r=g","contentUrl":"https:\/\/secure.gravatar.com\/avatar\/0965ab2ca89366c100a6978315ef84a1db5832cc251654877b049a0e3b966653?s=96&d=mm&r=g","caption":"@dm1N-1G@"}}]}},"_links":{"self":[{"href":"https:\/\/materiality.pl\/en\/wp-json\/wp\/v2\/posts\/1390","targetHints":{"allow":["GET"]}}],"collection":[{"href":"https:\/\/materiality.pl\/en\/wp-json\/wp\/v2\/posts"}],"about":[{"href":"https:\/\/materiality.pl\/en\/wp-json\/wp\/v2\/types\/post"}],"author":[{"embeddable":true,"href":"https:\/\/materiality.pl\/en\/wp-json\/wp\/v2\/users\/2"}],"replies":[{"embeddable":true,"href":"https:\/\/materiality.pl\/en\/wp-json\/wp\/v2\/comments?post=1390"}],"version-history":[{"count":1,"href":"https:\/\/materiality.pl\/en\/wp-json\/wp\/v2\/posts\/1390\/revisions"}],"predecessor-version":[{"id":1391,"href":"https:\/\/materiality.pl\/en\/wp-json\/wp\/v2\/posts\/1390\/revisions\/1391"}],"wp:attachment":[{"href":"https:\/\/materiality.pl\/en\/wp-json\/wp\/v2\/media?parent=1390"}],"wp:term":[{"taxonomy":"category","embeddable":true,"href":"https:\/\/materiality.pl\/en\/wp-json\/wp\/v2\/categories?post=1390"},{"taxonomy":"post_tag","embeddable":true,"href":"https:\/\/materiality.pl\/en\/wp-json\/wp\/v2\/tags?post=1390"}],"curies":[{"name":"wp","href":"https:\/\/api.w.org\/{rel}","templated":true}]}}