{"id":4786,"date":"2025-11-25T15:00:35","date_gmt":"2025-11-25T14:00:35","guid":{"rendered":"https:\/\/materiality.pl\/?p=4786"},"modified":"2025-12-15T14:25:12","modified_gmt":"2025-12-15T13:25:12","slug":"materiality-at-greenpact-congress","status":"publish","type":"post","link":"https:\/\/materiality.pl\/en\/wiedza-i-praktyka\/materiality-na-kongresie-greenpact\/","title":{"rendered":"MATERIALITY at the GREENPACT Congress"},"content":{"rendered":"<div data-elementor-type=\"wp-post\" data-elementor-id=\"4786\" class=\"elementor elementor-4786\" data-elementor-post-type=\"post\">\n\t\t\t\t<div class=\"elementor-element elementor-element-4f7d6ca8 e-flex e-con-boxed e-con e-parent\" data-id=\"4f7d6ca8\" data-element_type=\"container\" data-e-type=\"container\">\n\t\t\t\t\t<div class=\"e-con-inner\">\n\t\t\t\t<div class=\"elementor-element elementor-element-4196195a elementor-widget elementor-widget-text-editor\" data-id=\"4196195a\" data-element_type=\"widget\" data-e-type=\"widget\" data-widget_type=\"text-editor.default\">\n\t\t\t\t\t\t\t\t\t<p>We would like to congratulate this year's winners and laureates of the 19th edition of the \u201eSustainability Reports\u201d competition organized by the Responsible Business Forum: TAURON Group, Orange Polska, Echo Investment, Respect Energy, ING Polska, mBank S.A., Santander, Zesp\u00f3\u0142 Elektrociep\u0142owni Wroc\u0142awskich Kogeneracja SA, Grupa Pracuj, ING Children Foundation, GS1 Polska \ud83c\udf80.<br \/><br \/>We also congratulate the MTP Group and the National Chamber of Commerce for the fantastic organization of the Greenpact Congress. See you next year in Poznan \ud83d\udc10 \ud83e\ude75 \ud83d\udc10 \ud83d\udc10 <br \/><br \/><a href=\"https:\/\/greenpact.pl\/pl\/\" target=\"_blank\" rel=\"noopener noreferrer nofollow\">More information about the Greenpact Congress<\/a><\/p><p><img loading=\"lazy\" decoding=\"async\" class=\"alignnone size-full wp-image-4789\" src=\"https:\/\/materiality.pl\/wp-content\/uploads\/Image-1.webp\" alt=\"Artur Gazda, Justyna Biernacka, Sonia Kortas at the GREENPACT Congress\" width=\"768\" height=\"827\" srcset=\"https:\/\/materiality.pl\/wp-content\/uploads\/Image-1.webp 768w, https:\/\/materiality.pl\/wp-content\/uploads\/Image-1-279x300.webp 279w, https:\/\/materiality.pl\/wp-content\/uploads\/Image-1-11x12.webp 11w\" sizes=\"auto, (max-width: 768px) 100vw, 768px\" \/><\/p><p>(from left: <a href=\"https:\/\/materiality.pl\/en\/about-us\/team\/arthur-gazda\/\">Artur Gazda<\/a>, <a href=\"https:\/\/materiality.pl\/en\/about-us\/team\/justyna-biernacka\/\">Justyna Biernacka<\/a>, <a href=\"https:\/\/materiality.pl\/en\/about-us\/team\/sonia-kortas\/\">Sonia Kortas<\/a>)<\/p>\t\t\t\t\t\t\t\t<\/div>\n\t\t\t\t\t<\/div>\n\t\t\t\t<\/div>\n\t\t\t\t<\/div>","protected":false},"excerpt":{"rendered":"<p>Dobiega ko\u0144ca Kongres GREENPACT \u2013 stworzony do rozmowy o naszej zr\u00f3wnowa\u017conej przysz\u0142o\u015bci. Dzi\u0119kujemy za inspiruj\u0105ce dyskusje panelowe i nie mniej interesuj\u0105ce rozmowy kuluarowe \ud83d\ude42 <\/p>","protected":false},"author":3,"featured_media":0,"comment_status":"closed","ping_status":"closed","sticky":false,"template":"","format":"standard","meta":{"_monsterinsights_skip_tracking":false,"_monsterinsights_sitenote_active":false,"_monsterinsights_sitenote_note":"","_monsterinsights_sitenote_category":0,"footnotes":""},"categories":[24],"tags":[30],"class_list":["post-4786","post","type-post","status-publish","format-standard","hentry","category-aktualnosci","tag-aktywnosci-materiality"],"yoast_head":"<!-- This site is optimized with the Yoast SEO plugin v27.5 - https:\/\/yoast.com\/product\/yoast-seo-wordpress\/ -->\n<title>MATERIALITY na Kongresie GREENPACT &#8226; MATERIALITY<\/title>\n<meta name=\"robots\" content=\"index, follow, max-snippet:-1, max-image-preview:large, max-video-preview:-1\" \/>\n<link rel=\"canonical\" href=\"https:\/\/materiality.pl\/en\/knowledge-and-practice\/materiality-at-greenpact-congress\/\" \/>\n<meta property=\"og:locale\" content=\"en_US\" \/>\n<meta property=\"og:type\" content=\"article\" \/>\n<meta property=\"og:title\" content=\"MATERIALITY na Kongresie GREENPACT &#8226; MATERIALITY\" \/>\n<meta property=\"og:description\" content=\"Dobiega ko\u0144ca Kongres GREENPACT \u2013 stworzony do rozmowy o naszej zr\u00f3wnowa\u017conej przysz\u0142o\u015bci. Dzi\u0119kujemy za inspiruj\u0105ce dyskusje panelowe i nie mniej interesuj\u0105ce rozmowy kuluarowe :)\" \/>\n<meta property=\"og:url\" content=\"https:\/\/materiality.pl\/en\/knowledge-and-practice\/materiality-at-greenpact-congress\/\" \/>\n<meta property=\"og:site_name\" content=\"MATERIALITY\" \/>\n<meta property=\"article:publisher\" content=\"https:\/\/www.facebook.com\/materialitypl\/\" \/>\n<meta property=\"article:published_time\" content=\"2025-11-25T14:00:35+00:00\" \/>\n<meta property=\"article:modified_time\" content=\"2025-12-15T13:25:12+00:00\" \/>\n<meta property=\"og:image\" content=\"https:\/\/materiality.pl\/wp-content\/uploads\/Image-1.webp\" \/>\n\t<meta property=\"og:image:width\" content=\"768\" \/>\n\t<meta property=\"og:image:height\" content=\"827\" \/>\n\t<meta property=\"og:image:type\" content=\"image\/webp\" \/>\n<meta name=\"author\" content=\"@dm1n-@l1cjA\" \/>\n<script type=\"application\/ld+json\" class=\"yoast-schema-graph\">{\"@context\":\"https:\\\/\\\/schema.org\",\"@graph\":[{\"@type\":\"Article\",\"@id\":\"https:\\\/\\\/materiality.pl\\\/wiedza-i-praktyka\\\/materiality-na-kongresie-greenpact\\\/#article\",\"isPartOf\":{\"@id\":\"https:\\\/\\\/materiality.pl\\\/wiedza-i-praktyka\\\/materiality-na-kongresie-greenpact\\\/\"},\"author\":{\"name\":\"@dm1n-@l1cjA\",\"@id\":\"https:\\\/\\\/materiality.pl\\\/#\\\/schema\\\/person\\\/46170ac12df06c9695594ef9a5501109\"},\"headline\":\"MATERIALITY na Kongresie GREENPACT\",\"datePublished\":\"2025-11-25T14:00:35+00:00\",\"dateModified\":\"2025-12-15T13:25:12+00:00\",\"mainEntityOfPage\":{\"@id\":\"https:\\\/\\\/materiality.pl\\\/wiedza-i-praktyka\\\/materiality-na-kongresie-greenpact\\\/\"},\"wordCount\":87,\"publisher\":{\"@id\":\"https:\\\/\\\/materiality.pl\\\/#organization\"},\"image\":{\"@id\":\"https:\\\/\\\/materiality.pl\\\/wiedza-i-praktyka\\\/materiality-na-kongresie-greenpact\\\/#primaryimage\"},\"thumbnailUrl\":\"https:\\\/\\\/materiality.pl\\\/wp-content\\\/uploads\\\/Image-1.webp\",\"keywords\":[\"Aktywno\u015bci MATERIALITY\"],\"articleSection\":[\"Aktualno\u015bci\"],\"inLanguage\":\"en-US\"},{\"@type\":\"WebPage\",\"@id\":\"https:\\\/\\\/materiality.pl\\\/wiedza-i-praktyka\\\/materiality-na-kongresie-greenpact\\\/\",\"url\":\"https:\\\/\\\/materiality.pl\\\/wiedza-i-praktyka\\\/materiality-na-kongresie-greenpact\\\/\",\"name\":\"MATERIALITY na Kongresie GREENPACT &#8226; MATERIALITY\",\"isPartOf\":{\"@id\":\"https:\\\/\\\/materiality.pl\\\/#website\"},\"primaryImageOfPage\":{\"@id\":\"https:\\\/\\\/materiality.pl\\\/wiedza-i-praktyka\\\/materiality-na-kongresie-greenpact\\\/#primaryimage\"},\"image\":{\"@id\":\"https:\\\/\\\/materiality.pl\\\/wiedza-i-praktyka\\\/materiality-na-kongresie-greenpact\\\/#primaryimage\"},\"thumbnailUrl\":\"https:\\\/\\\/materiality.pl\\\/wp-content\\\/uploads\\\/Image-1.webp\",\"datePublished\":\"2025-11-25T14:00:35+00:00\",\"dateModified\":\"2025-12-15T13:25:12+00:00\",\"breadcrumb\":{\"@id\":\"https:\\\/\\\/materiality.pl\\\/wiedza-i-praktyka\\\/materiality-na-kongresie-greenpact\\\/#breadcrumb\"},\"inLanguage\":\"en-US\",\"potentialAction\":[{\"@type\":\"ReadAction\",\"target\":[\"https:\\\/\\\/materiality.pl\\\/wiedza-i-praktyka\\\/materiality-na-kongresie-greenpact\\\/\"]}]},{\"@type\":\"ImageObject\",\"inLanguage\":\"en-US\",\"@id\":\"https:\\\/\\\/materiality.pl\\\/wiedza-i-praktyka\\\/materiality-na-kongresie-greenpact\\\/#primaryimage\",\"url\":\"https:\\\/\\\/materiality.pl\\\/wp-content\\\/uploads\\\/Image-1.webp\",\"contentUrl\":\"https:\\\/\\\/materiality.pl\\\/wp-content\\\/uploads\\\/Image-1.webp\"},{\"@type\":\"BreadcrumbList\",\"@id\":\"https:\\\/\\\/materiality.pl\\\/wiedza-i-praktyka\\\/materiality-na-kongresie-greenpact\\\/#breadcrumb\",\"itemListElement\":[{\"@type\":\"ListItem\",\"position\":1,\"name\":\"Home\",\"item\":\"https:\\\/\\\/materiality.pl\\\/\"},{\"@type\":\"ListItem\",\"position\":2,\"name\":\"MATERIALITY na Kongresie GREENPACT\"}]},{\"@type\":\"WebSite\",\"@id\":\"https:\\\/\\\/materiality.pl\\\/#website\",\"url\":\"https:\\\/\\\/materiality.pl\\\/\",\"name\":\"MATERIALITY\",\"description\":\"Sustainability Pathfinders\",\"publisher\":{\"@id\":\"https:\\\/\\\/materiality.pl\\\/#organization\"},\"alternateName\":\"MATERIALITY\",\"potentialAction\":[{\"@type\":\"SearchAction\",\"target\":{\"@type\":\"EntryPoint\",\"urlTemplate\":\"https:\\\/\\\/materiality.pl\\\/?s={search_term_string}\"},\"query-input\":{\"@type\":\"PropertyValueSpecification\",\"valueRequired\":true,\"valueName\":\"search_term_string\"}}],\"inLanguage\":\"en-US\"},{\"@type\":\"Organization\",\"@id\":\"https:\\\/\\\/materiality.pl\\\/#organization\",\"name\":\"MATERIALITY\",\"alternateName\":\"Materiality\",\"url\":\"https:\\\/\\\/materiality.pl\\\/\",\"logo\":{\"@type\":\"ImageObject\",\"inLanguage\":\"en-US\",\"@id\":\"https:\\\/\\\/materiality.pl\\\/#\\\/schema\\\/logo\\\/image\\\/\",\"url\":\"https:\\\/\\\/materiality.pl\\\/wp-content\\\/uploads\\\/cropped-favicon-materiality.webp\",\"contentUrl\":\"https:\\\/\\\/materiality.pl\\\/wp-content\\\/uploads\\\/cropped-favicon-materiality.webp\",\"width\":512,\"height\":512,\"caption\":\"MATERIALITY\"},\"image\":{\"@id\":\"https:\\\/\\\/materiality.pl\\\/#\\\/schema\\\/logo\\\/image\\\/\"},\"sameAs\":[\"https:\\\/\\\/www.facebook.com\\\/materialitypl\\\/\",\"https:\\\/\\\/www.linkedin.com\\\/company\\\/materialitypl\\\/\"]},{\"@type\":\"Person\",\"@id\":\"https:\\\/\\\/materiality.pl\\\/#\\\/schema\\\/person\\\/46170ac12df06c9695594ef9a5501109\",\"name\":\"@dm1n-@l1cjA\",\"image\":{\"@type\":\"ImageObject\",\"inLanguage\":\"en-US\",\"@id\":\"https:\\\/\\\/secure.gravatar.com\\\/avatar\\\/55f1a521e441dc54a2006ab4ceb58962684afcd91dcae9133df017ecc1b65586?s=96&d=mm&r=g\",\"url\":\"https:\\\/\\\/secure.gravatar.com\\\/avatar\\\/55f1a521e441dc54a2006ab4ceb58962684afcd91dcae9133df017ecc1b65586?s=96&d=mm&r=g\",\"contentUrl\":\"https:\\\/\\\/secure.gravatar.com\\\/avatar\\\/55f1a521e441dc54a2006ab4ceb58962684afcd91dcae9133df017ecc1b65586?s=96&d=mm&r=g\",\"caption\":\"@dm1n-@l1cjA\"}}]}<\/script>\n<!-- \/ Yoast SEO plugin. -->","yoast_head_json":{"title":"MATERIALITY at the GREENPACT Congress \u2022 MATERIALITY","robots":{"index":"index","follow":"follow","max-snippet":"max-snippet:-1","max-image-preview":"max-image-preview:large","max-video-preview":"max-video-preview:-1"},"canonical":"https:\/\/materiality.pl\/en\/knowledge-and-practice\/materiality-at-greenpact-congress\/","og_locale":"en_US","og_type":"article","og_title":"MATERIALITY na Kongresie GREENPACT &#8226; MATERIALITY","og_description":"Dobiega ko\u0144ca Kongres GREENPACT \u2013 stworzony do rozmowy o naszej zr\u00f3wnowa\u017conej przysz\u0142o\u015bci. Dzi\u0119kujemy za inspiruj\u0105ce dyskusje panelowe i nie mniej interesuj\u0105ce rozmowy kuluarowe :)","og_url":"https:\/\/materiality.pl\/en\/knowledge-and-practice\/materiality-at-greenpact-congress\/","og_site_name":"MATERIALITY","article_publisher":"https:\/\/www.facebook.com\/materialitypl\/","article_published_time":"2025-11-25T14:00:35+00:00","article_modified_time":"2025-12-15T13:25:12+00:00","og_image":[{"width":768,"height":827,"url":"https:\/\/materiality.pl\/wp-content\/uploads\/Image-1.webp","type":"image\/webp"}],"author":"@dm1n-@l1cjA","schema":{"@context":"https:\/\/schema.org","@graph":[{"@type":"Article","@id":"https:\/\/materiality.pl\/wiedza-i-praktyka\/materiality-na-kongresie-greenpact\/#article","isPartOf":{"@id":"https:\/\/materiality.pl\/wiedza-i-praktyka\/materiality-na-kongresie-greenpact\/"},"author":{"name":"@dm1n-@l1cjA","@id":"https:\/\/materiality.pl\/#\/schema\/person\/46170ac12df06c9695594ef9a5501109"},"headline":"MATERIALITY na Kongresie GREENPACT","datePublished":"2025-11-25T14:00:35+00:00","dateModified":"2025-12-15T13:25:12+00:00","mainEntityOfPage":{"@id":"https:\/\/materiality.pl\/wiedza-i-praktyka\/materiality-na-kongresie-greenpact\/"},"wordCount":87,"publisher":{"@id":"https:\/\/materiality.pl\/#organization"},"image":{"@id":"https:\/\/materiality.pl\/wiedza-i-praktyka\/materiality-na-kongresie-greenpact\/#primaryimage"},"thumbnailUrl":"https:\/\/materiality.pl\/wp-content\/uploads\/Image-1.webp","keywords":["Aktywno\u015bci MATERIALITY"],"articleSection":["Aktualno\u015bci"],"inLanguage":"en-US"},{"@type":"WebPage","@id":"https:\/\/materiality.pl\/wiedza-i-praktyka\/materiality-na-kongresie-greenpact\/","url":"https:\/\/materiality.pl\/wiedza-i-praktyka\/materiality-na-kongresie-greenpact\/","name":"MATERIALITY at the GREENPACT Congress \u2022 MATERIALITY","isPartOf":{"@id":"https:\/\/materiality.pl\/#website"},"primaryImageOfPage":{"@id":"https:\/\/materiality.pl\/wiedza-i-praktyka\/materiality-na-kongresie-greenpact\/#primaryimage"},"image":{"@id":"https:\/\/materiality.pl\/wiedza-i-praktyka\/materiality-na-kongresie-greenpact\/#primaryimage"},"thumbnailUrl":"https:\/\/materiality.pl\/wp-content\/uploads\/Image-1.webp","datePublished":"2025-11-25T14:00:35+00:00","dateModified":"2025-12-15T13:25:12+00:00","breadcrumb":{"@id":"https:\/\/materiality.pl\/wiedza-i-praktyka\/materiality-na-kongresie-greenpact\/#breadcrumb"},"inLanguage":"en-US","potentialAction":[{"@type":"ReadAction","target":["https:\/\/materiality.pl\/wiedza-i-praktyka\/materiality-na-kongresie-greenpact\/"]}]},{"@type":"ImageObject","inLanguage":"en-US","@id":"https:\/\/materiality.pl\/wiedza-i-praktyka\/materiality-na-kongresie-greenpact\/#primaryimage","url":"https:\/\/materiality.pl\/wp-content\/uploads\/Image-1.webp","contentUrl":"https:\/\/materiality.pl\/wp-content\/uploads\/Image-1.webp"},{"@type":"BreadcrumbList","@id":"https:\/\/materiality.pl\/wiedza-i-praktyka\/materiality-na-kongresie-greenpact\/#breadcrumb","itemListElement":[{"@type":"ListItem","position":1,"name":"Home","item":"https:\/\/materiality.pl\/"},{"@type":"ListItem","position":2,"name":"MATERIALITY na Kongresie GREENPACT"}]},{"@type":"WebSite","@id":"https:\/\/materiality.pl\/#website","url":"https:\/\/materiality.pl\/","name":"MATERIALITY","description":"Sustainability Pathfinders","publisher":{"@id":"https:\/\/materiality.pl\/#organization"},"alternateName":"MATERIALITY","potentialAction":[{"@type":"SearchAction","target":{"@type":"EntryPoint","urlTemplate":"https:\/\/materiality.pl\/?s={search_term_string}"},"query-input":{"@type":"PropertyValueSpecification","valueRequired":true,"valueName":"search_term_string"}}],"inLanguage":"en-US"},{"@type":"Organization","@id":"https:\/\/materiality.pl\/#organization","name":"MATERIALITY","alternateName":"Materiality","url":"https:\/\/materiality.pl\/","logo":{"@type":"ImageObject","inLanguage":"en-US","@id":"https:\/\/materiality.pl\/#\/schema\/logo\/image\/","url":"https:\/\/materiality.pl\/wp-content\/uploads\/cropped-favicon-materiality.webp","contentUrl":"https:\/\/materiality.pl\/wp-content\/uploads\/cropped-favicon-materiality.webp","width":512,"height":512,"caption":"MATERIALITY"},"image":{"@id":"https:\/\/materiality.pl\/#\/schema\/logo\/image\/"},"sameAs":["https:\/\/www.facebook.com\/materialitypl\/","https:\/\/www.linkedin.com\/company\/materialitypl\/"]},{"@type":"Person","@id":"https:\/\/materiality.pl\/#\/schema\/person\/46170ac12df06c9695594ef9a5501109","name":"@dm1n-@l1cjA","image":{"@type":"ImageObject","inLanguage":"en-US","@id":"https:\/\/secure.gravatar.com\/avatar\/55f1a521e441dc54a2006ab4ceb58962684afcd91dcae9133df017ecc1b65586?s=96&d=mm&r=g","url":"https:\/\/secure.gravatar.com\/avatar\/55f1a521e441dc54a2006ab4ceb58962684afcd91dcae9133df017ecc1b65586?s=96&d=mm&r=g","contentUrl":"https:\/\/secure.gravatar.com\/avatar\/55f1a521e441dc54a2006ab4ceb58962684afcd91dcae9133df017ecc1b65586?s=96&d=mm&r=g","caption":"@dm1n-@l1cjA"}}]}},"_links":{"self":[{"href":"https:\/\/materiality.pl\/en\/wp-json\/wp\/v2\/posts\/4786","targetHints":{"allow":["GET"]}}],"collection":[{"href":"https:\/\/materiality.pl\/en\/wp-json\/wp\/v2\/posts"}],"about":[{"href":"https:\/\/materiality.pl\/en\/wp-json\/wp\/v2\/types\/post"}],"author":[{"embeddable":true,"href":"https:\/\/materiality.pl\/en\/wp-json\/wp\/v2\/users\/3"}],"replies":[{"embeddable":true,"href":"https:\/\/materiality.pl\/en\/wp-json\/wp\/v2\/comments?post=4786"}],"version-history":[{"count":5,"href":"https:\/\/materiality.pl\/en\/wp-json\/wp\/v2\/posts\/4786\/revisions"}],"predecessor-version":[{"id":4793,"href":"https:\/\/materiality.pl\/en\/wp-json\/wp\/v2\/posts\/4786\/revisions\/4793"}],"wp:attachment":[{"href":"https:\/\/materiality.pl\/en\/wp-json\/wp\/v2\/media?parent=4786"}],"wp:term":[{"taxonomy":"category","embeddable":true,"href":"https:\/\/materiality.pl\/en\/wp-json\/wp\/v2\/categories?post=4786"},{"taxonomy":"post_tag","embeddable":true,"href":"https:\/\/materiality.pl\/en\/wp-json\/wp\/v2\/tags?post=4786"}],"curies":[{"name":"wp","href":"https:\/\/api.w.org\/{rel}","templated":true}]}}