{"id":4840,"date":"2025-11-19T10:00:08","date_gmt":"2025-11-19T09:00:08","guid":{"rendered":"https:\/\/materiality.pl\/?p=4840"},"modified":"2025-12-16T11:10:34","modified_gmt":"2025-12-16T10:10:34","slug":"materiality-at-ey-corporate-reporting-forum-2025","status":"publish","type":"post","link":"https:\/\/materiality.pl\/en\/wiedza-i-praktyka\/materiality-na-ey-corporate-reporting-forum-2025\/","title":{"rendered":"MATERIALITY at the EY Corporate Reporting Forum 2025"},"content":{"rendered":"<div data-elementor-type=\"wp-post\" data-elementor-id=\"4840\" class=\"elementor elementor-4840\" data-elementor-post-type=\"post\">\n\t\t\t\t<div class=\"elementor-element elementor-element-4f7d6ca8 e-flex e-con-boxed e-con e-parent\" data-id=\"4f7d6ca8\" data-element_type=\"container\" data-e-type=\"container\">\n\t\t\t\t\t<div class=\"e-con-inner\">\n\t\t\t\t<div class=\"elementor-element elementor-element-4196195a elementor-widget elementor-widget-text-editor\" data-id=\"4196195a\" data-element_type=\"widget\" data-e-type=\"widget\" data-widget_type=\"text-editor.default\">\n\t\t\t\t\t\t\t\t\t<p><span class=\"TextRun SCXW87727413 BCX0\" lang=\"PL-PL\" xml:lang=\"PL-PL\" data-contrast=\"auto\"><span class=\"NormalTextRun SCXW87727413 BCX0\">During the event, there will be a series of thematic sessions, including:.<\/span><span class=\"NormalTextRun ContextualSpellingAndGrammarErrorV2Themed SCXW87727413 BCX0\">:<\/span><span class=\"NormalTextRun ContextualSpellingAndGrammarErrorV2Themed SCXW87727413 BCX0\"> \u201d<em>ESRS<\/em><\/span><span class=\"NormalTextRun SCXW87727413 BCX0\"><em> and CSRD: key issues from the perspective of reporting for 2025<\/em>\u201dThe following speakers will take part in the discussion on ESG reporting in the second year of CSRD implementation in light of the Omnibus and global trends:<\/span><\/span><\/p><ul><li><span class=\"TextRun MacChromeBold SCXW87727413 BCX0\" lang=\"PL-PL\" xml:lang=\"PL-PL\" data-contrast=\"none\"><span class=\"NormalTextRun SCXW87727413 BCX0\" data-ccp-charstyle=\"Hyperlink\">Malgorzata Matusewicz<\/span><\/span><span class=\"TextRun SCXW87727413 BCX0\" lang=\"PL-PL\" xml:lang=\"PL-PL\" data-contrast=\"auto\"><span class=\"NormalTextRun SCXW87727413 BCX0\"> \u2013 Partner in the Audit Department at <\/span><\/span><span class=\"TextRun MacChromeBold SCXW87727413 BCX0\" lang=\"PL-PL\" xml:lang=\"PL-PL\" data-contrast=\"none\"><span class=\"NormalTextRun SCXW87727413 BCX0\" data-ccp-charstyle=\"Hyperlink\">EY Poland<\/span><\/span><span class=\"TextRun SCXW87727413 BCX0\" lang=\"PL-PL\" xml:lang=\"PL-PL\" data-contrast=\"auto\"><span class=\"NormalTextRun SCXW87727413 BCX0\">, Leader <\/span><span class=\"NormalTextRun SpellingErrorV2Themed SCXW87727413 BCX0\">Sustainability<\/span><span class=\"NormalTextRun SCXW87727413 BCX0\"> Reporting <\/span><span class=\"NormalTextRun SpellingErrorV2Themed SCXW87727413 BCX0\">Desk<\/span><span class=\"NormalTextRun SCXW87727413 BCX0\"> for the CESA region, Member <\/span><\/span><span class=\"TextRun MacChromeBold SCXW87727413 BCX0\" lang=\"PL-PL\" xml:lang=\"PL-PL\" data-contrast=\"none\"><span class=\"NormalTextRun SCXW87727413 BCX0\" data-ccp-charstyle=\"Hyperlink\">EFRAG<\/span><\/span><span class=\"TextRun SCXW87727413 BCX0\" lang=\"PL-PL\" xml:lang=\"PL-PL\" data-contrast=\"auto\"><span class=\"NormalTextRun SCXW87727413 BCX0\"> FR TEG,<\/span><\/span><\/li><li><span class=\"TextRun MacChromeBold SCXW87727413 BCX0\" lang=\"PL-PL\" xml:lang=\"PL-PL\" data-contrast=\"none\"><span class=\"NormalTextRun SCXW87727413 BCX0\" data-ccp-charstyle=\"Hyperlink\">Thomas Michalak<\/span><\/span><span class=\"TextRun SCXW87727413 BCX0\" lang=\"PL-PL\" xml:lang=\"PL-PL\" data-contrast=\"auto\"><span class=\"NormalTextRun SCXW87727413 BCX0\"> \u2013 Partner at EY, ESG Reporting and Assurance Team at EY Poland,<\/span><\/span><\/li><li><a href=\"https:\/\/materiality.pl\/en\/about-us\/team\/piotr-biernacki\/\"><span class=\"TextRun MacChromeBold SCXW87727413 BCX0\" lang=\"PL-PL\" xml:lang=\"PL-PL\" data-contrast=\"none\"><span class=\"NormalTextRun SCXW87727413 BCX0\" data-ccp-charstyle=\"Hyperlink\">Piotr Biernacki<\/span><\/span><\/a><span class=\"TextRun SCXW87727413 BCX0\" lang=\"PL-PL\" xml:lang=\"PL-PL\" data-contrast=\"auto\"><span class=\"NormalTextRun SCXW87727413 BCX0\">\u00a0\u2013 ESG Reporting Partner at <\/span><\/span><span class=\"TextRun MacChromeBold SCXW87727413 BCX0\" lang=\"PL-PL\" xml:lang=\"PL-PL\" data-contrast=\"none\"><span class=\"NormalTextRun SCXW87727413 BCX0\" data-ccp-charstyle=\"Hyperlink\">MATERIALITY<\/span><\/span><span class=\"TextRun SCXW87727413 BCX0\" lang=\"PL-PL\" xml:lang=\"PL-PL\" data-contrast=\"auto\"><span class=\"NormalTextRun SCXW87727413 BCX0\">, Member of SR TEG in <\/span><\/span><span class=\"TextRun MacChromeBold SCXW87727413 BCX0\" lang=\"PL-PL\" xml:lang=\"PL-PL\" data-contrast=\"none\"><span class=\"NormalTextRun SCXW87727413 BCX0\" data-ccp-charstyle=\"Hyperlink\">EFRAG<\/span><\/span><span class=\"TextRun SCXW87727413 BCX0\" lang=\"PL-PL\" xml:lang=\"PL-PL\" data-contrast=\"auto\"><span class=\"NormalTextRun SCXW87727413 BCX0\">, Chairman of the Sustainable Development Committee at SEG,<\/span><\/span><\/li><li><span class=\"TextRun MacChromeBold SCXW87727413 BCX0\" lang=\"PL-PL\" xml:lang=\"PL-PL\" data-contrast=\"none\"><span class=\"NormalTextRun SCXW87727413 BCX0\" data-ccp-charstyle=\"Hyperlink\">Ewelina Miku\u0142a-Musio\u0142<\/span><\/span><span class=\"TextRun SCXW87727413 BCX0\" lang=\"PL-PL\" xml:lang=\"PL-PL\" data-contrast=\"auto\"><span class=\"NormalTextRun SCXW87727413 BCX0\"> \u2013 ESG Team Manager, <\/span><\/span><span class=\"TextRun MacChromeBold SCXW87727413 BCX0\" lang=\"PL-PL\" xml:lang=\"PL-PL\" data-contrast=\"none\"><span class=\"NormalTextRun SCXW87727413 BCX0\" data-ccp-charstyle=\"Hyperlink\">TAURON Group<\/span><\/span><span class=\"TextRun SCXW87727413 BCX0\" lang=\"PL-PL\" xml:lang=\"PL-PL\" data-contrast=\"auto\"><span class=\"NormalTextRun SCXW87727413 BCX0\"> Polish Energy Inc.,<\/span><\/span><\/li><li><span class=\"TextRun MacChromeBold SCXW87727413 BCX0\" lang=\"PL-PL\" xml:lang=\"PL-PL\" data-contrast=\"none\"><span class=\"NormalTextRun SCXW87727413 BCX0\" data-ccp-charstyle=\"Hyperlink\">Klara Maria Zamlinska<\/span><\/span><span class=\"TextRun SCXW87727413 BCX0\" lang=\"PL-PL\" xml:lang=\"PL-PL\" data-contrast=\"auto\"><span class=\"NormalTextRun SCXW87727413 BCX0\"> \u2013 ESG Director at Grupa <\/span><\/span><span class=\"TextRun MacChromeBold SCXW87727413 BCX0\" lang=\"PL-PL\" xml:lang=\"PL-PL\" data-contrast=\"none\"><span class=\"NormalTextRun SCXW87727413 BCX0\" data-ccp-charstyle=\"Hyperlink\">ERBUD GROUP<\/span><\/span><span class=\"TextRun SCXW87727413 BCX0\" lang=\"PL-PL\" xml:lang=\"PL-PL\" data-contrast=\"auto\"><span class=\"NormalTextRun SCXW87727413 BCX0\">.<\/span><\/span><span class=\"LineBreakBlob BlobObject DragDrop SCXW87727413 BCX0\"><span class=\"SCXW87727413 BCX0\">\u00a0<\/span><\/span><\/li><\/ul><p><span class=\"LineBreakBlob BlobObject DragDrop SCXW87727413 BCX0\"><span class=\"SCXW87727413 BCX0\">\u00a0<\/span><br class=\"SCXW87727413 BCX0\" \/><\/span><span class=\"TextRun SCXW87727413 BCX0\" lang=\"PL-PL\" xml:lang=\"PL-PL\" data-contrast=\"auto\"><span class=\"NormalTextRun SCXW87727413 BCX0\">EY Corporate Reporting Forum 2025:<\/span><\/span><\/p><ul><li><span class=\"TextRun SCXW87727413 BCX0\" lang=\"PL-PL\" xml:lang=\"PL-PL\" data-contrast=\"auto\"><span class=\"NormalTextRun SCXW87727413 BCX0\"><strong>deadline:<\/strong> November 27, 2025<\/span><\/span><\/li><li><span class=\"TextRun SCXW87727413 BCX0\" lang=\"PL-PL\" xml:lang=\"PL-PL\" data-contrast=\"auto\"><span class=\"NormalTextRun SCXW87727413 BCX0\"><strong>time:<\/strong> 9:00 a.m. \u2013 6:00 p.m.<\/span><\/span><\/li><li><span class=\"TextRun SCXW87727413 BCX0\" lang=\"PL-PL\" xml:lang=\"PL-PL\" data-contrast=\"auto\"><span class=\"NormalTextRun SCXW87727413 BCX0\"><strong>address:<\/strong> Hil<\/span><span class=\"NormalTextRun SCXW87727413 BCX0\">ton Warsaw City, Grzybowska 63, Warsaw \/ online<\/span><\/span><\/li><\/ul><p><span class=\"TextRun SCXW87727413 BCX0\" lang=\"PL-PL\" xml:lang=\"PL-PL\" data-contrast=\"auto\"><span class=\"NormalTextRun SCXW87727413 BCX0\">Participation in the conference is free of charge. <\/span><\/span><a class=\"Hyperlink SCXW87727413 BCX0\" href=\"https:\/\/www.ey.com\/pl_pl\/events\/ey-corporate-reporting-forum?source=MR\" target=\"_blank\" rel=\"noreferrer noopener\"><span class=\"TextRun Underlined SCXW87727413 BCX0\" lang=\"PL-PL\" xml:lang=\"PL-PL\" data-contrast=\"none\"><span class=\"NormalTextRun SCXW87727413 BCX0\" data-ccp-charstyle=\"Hyperlink\">More information and registration for the event<\/span><span class=\"NormalTextRun SCXW87727413 BCX0\" data-ccp-charstyle=\"Hyperlink\">.<\/span><\/span><\/a><\/p>\t\t\t\t\t\t\t\t<\/div>\n\t\t\t\t\t<\/div>\n\t\t\t\t<\/div>\n\t\t\t\t<\/div>","protected":false},"excerpt":{"rendered":"<p>On November 27, 2025, EY Poland will host the EY Corporate Reporting Forum 2025, a conference dedicated to corporate reporting. This year's edition focuses on the impact of global trends on the reporting of Polish companies. <\/p>","protected":false},"author":3,"featured_media":0,"comment_status":"closed","ping_status":"closed","sticky":false,"template":"","format":"standard","meta":{"_monsterinsights_skip_tracking":false,"_monsterinsights_sitenote_active":false,"_monsterinsights_sitenote_note":"","_monsterinsights_sitenote_category":0,"footnotes":""},"categories":[9],"tags":[],"class_list":["post-4840","post","type-post","status-publish","format-standard","hentry","category-wystapienia"],"yoast_head":"<!-- This site is optimized with the Yoast SEO plugin v27.5 - https:\/\/yoast.com\/product\/yoast-seo-wordpress\/ -->\n<title>MATERIALITY na EY Corporate Reporting Forum 2025 &#8226; MATERIALITY<\/title>\n<meta name=\"robots\" content=\"index, follow, max-snippet:-1, max-image-preview:large, max-video-preview:-1\" \/>\n<link rel=\"canonical\" href=\"https:\/\/materiality.pl\/en\/knowledge-and-practice\/materiality-at-ey-corporate-reporting-forum-2025\/\" \/>\n<meta property=\"og:locale\" content=\"en_US\" \/>\n<meta property=\"og:type\" content=\"article\" \/>\n<meta property=\"og:title\" content=\"MATERIALITY na EY Corporate Reporting Forum 2025 &#8226; MATERIALITY\" \/>\n<meta property=\"og:description\" content=\"27 listopada 2025 r. b\u0119dzie mia\u0142o miejsce EY Corporate Reporting Forum 2025 \u2013 organizowana przez EY Polska konferencja po\u015bwi\u0119cona sprawozdawczo\u015bci korporacyjnej. Tegoroczna edycja skupia si\u0119 na wp\u0142ywie globalnych trend\u00f3w na sprawozdawczo\u015b\u0107 polskich sp\u00f3\u0142ek.\" \/>\n<meta property=\"og:url\" content=\"https:\/\/materiality.pl\/en\/knowledge-and-practice\/materiality-at-ey-corporate-reporting-forum-2025\/\" \/>\n<meta property=\"og:site_name\" content=\"MATERIALITY\" \/>\n<meta property=\"article:publisher\" content=\"https:\/\/www.facebook.com\/materialitypl\/\" \/>\n<meta property=\"article:published_time\" content=\"2025-11-19T09:00:08+00:00\" \/>\n<meta property=\"article:modified_time\" content=\"2025-12-16T10:10:34+00:00\" \/>\n<meta property=\"og:image\" content=\"https:\/\/materiality.pl\/wp-content\/uploads\/kontakt-hero.webp\" \/>\n\t<meta property=\"og:image:width\" content=\"2112\" \/>\n\t<meta property=\"og:image:height\" content=\"1110\" \/>\n\t<meta property=\"og:image:type\" content=\"image\/webp\" \/>\n<meta name=\"author\" content=\"@dm1n-@l1cjA\" \/>\n<script type=\"application\/ld+json\" class=\"yoast-schema-graph\">{\"@context\":\"https:\\\/\\\/schema.org\",\"@graph\":[{\"@type\":\"Article\",\"@id\":\"https:\\\/\\\/materiality.pl\\\/wiedza-i-praktyka\\\/materiality-na-ey-corporate-reporting-forum-2025\\\/#article\",\"isPartOf\":{\"@id\":\"https:\\\/\\\/materiality.pl\\\/wiedza-i-praktyka\\\/materiality-na-ey-corporate-reporting-forum-2025\\\/\"},\"author\":{\"name\":\"@dm1n-@l1cjA\",\"@id\":\"https:\\\/\\\/materiality.pl\\\/#\\\/schema\\\/person\\\/46170ac12df06c9695594ef9a5501109\"},\"headline\":\"MATERIALITY na EY Corporate Reporting Forum 2025\",\"datePublished\":\"2025-11-19T09:00:08+00:00\",\"dateModified\":\"2025-12-16T10:10:34+00:00\",\"mainEntityOfPage\":{\"@id\":\"https:\\\/\\\/materiality.pl\\\/wiedza-i-praktyka\\\/materiality-na-ey-corporate-reporting-forum-2025\\\/\"},\"wordCount\":160,\"publisher\":{\"@id\":\"https:\\\/\\\/materiality.pl\\\/#organization\"},\"articleSection\":[\"Wyst\u0105pienia\"],\"inLanguage\":\"en-US\"},{\"@type\":\"WebPage\",\"@id\":\"https:\\\/\\\/materiality.pl\\\/wiedza-i-praktyka\\\/materiality-na-ey-corporate-reporting-forum-2025\\\/\",\"url\":\"https:\\\/\\\/materiality.pl\\\/wiedza-i-praktyka\\\/materiality-na-ey-corporate-reporting-forum-2025\\\/\",\"name\":\"MATERIALITY na EY Corporate Reporting Forum 2025 &#8226; MATERIALITY\",\"isPartOf\":{\"@id\":\"https:\\\/\\\/materiality.pl\\\/#website\"},\"datePublished\":\"2025-11-19T09:00:08+00:00\",\"dateModified\":\"2025-12-16T10:10:34+00:00\",\"breadcrumb\":{\"@id\":\"https:\\\/\\\/materiality.pl\\\/wiedza-i-praktyka\\\/materiality-na-ey-corporate-reporting-forum-2025\\\/#breadcrumb\"},\"inLanguage\":\"en-US\",\"potentialAction\":[{\"@type\":\"ReadAction\",\"target\":[\"https:\\\/\\\/materiality.pl\\\/wiedza-i-praktyka\\\/materiality-na-ey-corporate-reporting-forum-2025\\\/\"]}]},{\"@type\":\"BreadcrumbList\",\"@id\":\"https:\\\/\\\/materiality.pl\\\/wiedza-i-praktyka\\\/materiality-na-ey-corporate-reporting-forum-2025\\\/#breadcrumb\",\"itemListElement\":[{\"@type\":\"ListItem\",\"position\":1,\"name\":\"Home\",\"item\":\"https:\\\/\\\/materiality.pl\\\/\"},{\"@type\":\"ListItem\",\"position\":2,\"name\":\"MATERIALITY na EY Corporate Reporting Forum 2025\"}]},{\"@type\":\"WebSite\",\"@id\":\"https:\\\/\\\/materiality.pl\\\/#website\",\"url\":\"https:\\\/\\\/materiality.pl\\\/\",\"name\":\"MATERIALITY\",\"description\":\"Sustainability Pathfinders\",\"publisher\":{\"@id\":\"https:\\\/\\\/materiality.pl\\\/#organization\"},\"alternateName\":\"MATERIALITY\",\"potentialAction\":[{\"@type\":\"SearchAction\",\"target\":{\"@type\":\"EntryPoint\",\"urlTemplate\":\"https:\\\/\\\/materiality.pl\\\/?s={search_term_string}\"},\"query-input\":{\"@type\":\"PropertyValueSpecification\",\"valueRequired\":true,\"valueName\":\"search_term_string\"}}],\"inLanguage\":\"en-US\"},{\"@type\":\"Organization\",\"@id\":\"https:\\\/\\\/materiality.pl\\\/#organization\",\"name\":\"MATERIALITY\",\"alternateName\":\"Materiality\",\"url\":\"https:\\\/\\\/materiality.pl\\\/\",\"logo\":{\"@type\":\"ImageObject\",\"inLanguage\":\"en-US\",\"@id\":\"https:\\\/\\\/materiality.pl\\\/#\\\/schema\\\/logo\\\/image\\\/\",\"url\":\"https:\\\/\\\/materiality.pl\\\/wp-content\\\/uploads\\\/cropped-favicon-materiality.webp\",\"contentUrl\":\"https:\\\/\\\/materiality.pl\\\/wp-content\\\/uploads\\\/cropped-favicon-materiality.webp\",\"width\":512,\"height\":512,\"caption\":\"MATERIALITY\"},\"image\":{\"@id\":\"https:\\\/\\\/materiality.pl\\\/#\\\/schema\\\/logo\\\/image\\\/\"},\"sameAs\":[\"https:\\\/\\\/www.facebook.com\\\/materialitypl\\\/\",\"https:\\\/\\\/www.linkedin.com\\\/company\\\/materialitypl\\\/\"]},{\"@type\":\"Person\",\"@id\":\"https:\\\/\\\/materiality.pl\\\/#\\\/schema\\\/person\\\/46170ac12df06c9695594ef9a5501109\",\"name\":\"@dm1n-@l1cjA\",\"image\":{\"@type\":\"ImageObject\",\"inLanguage\":\"en-US\",\"@id\":\"https:\\\/\\\/secure.gravatar.com\\\/avatar\\\/55f1a521e441dc54a2006ab4ceb58962684afcd91dcae9133df017ecc1b65586?s=96&d=mm&r=g\",\"url\":\"https:\\\/\\\/secure.gravatar.com\\\/avatar\\\/55f1a521e441dc54a2006ab4ceb58962684afcd91dcae9133df017ecc1b65586?s=96&d=mm&r=g\",\"contentUrl\":\"https:\\\/\\\/secure.gravatar.com\\\/avatar\\\/55f1a521e441dc54a2006ab4ceb58962684afcd91dcae9133df017ecc1b65586?s=96&d=mm&r=g\",\"caption\":\"@dm1n-@l1cjA\"}}]}<\/script>\n<!-- \/ Yoast SEO plugin. -->","yoast_head_json":{"title":"MATERIALITY at the EY Corporate Reporting Forum 2025 \u2022 MATERIALITY","robots":{"index":"index","follow":"follow","max-snippet":"max-snippet:-1","max-image-preview":"max-image-preview:large","max-video-preview":"max-video-preview:-1"},"canonical":"https:\/\/materiality.pl\/en\/knowledge-and-practice\/materiality-at-ey-corporate-reporting-forum-2025\/","og_locale":"en_US","og_type":"article","og_title":"MATERIALITY na EY Corporate Reporting Forum 2025 &#8226; MATERIALITY","og_description":"27 listopada 2025 r. b\u0119dzie mia\u0142o miejsce EY Corporate Reporting Forum 2025 \u2013 organizowana przez EY Polska konferencja po\u015bwi\u0119cona sprawozdawczo\u015bci korporacyjnej. Tegoroczna edycja skupia si\u0119 na wp\u0142ywie globalnych trend\u00f3w na sprawozdawczo\u015b\u0107 polskich sp\u00f3\u0142ek.","og_url":"https:\/\/materiality.pl\/en\/knowledge-and-practice\/materiality-at-ey-corporate-reporting-forum-2025\/","og_site_name":"MATERIALITY","article_publisher":"https:\/\/www.facebook.com\/materialitypl\/","article_published_time":"2025-11-19T09:00:08+00:00","article_modified_time":"2025-12-16T10:10:34+00:00","og_image":[{"width":2112,"height":1110,"url":"https:\/\/materiality.pl\/wp-content\/uploads\/kontakt-hero.webp","type":"image\/webp"}],"author":"@dm1n-@l1cjA","schema":{"@context":"https:\/\/schema.org","@graph":[{"@type":"Article","@id":"https:\/\/materiality.pl\/wiedza-i-praktyka\/materiality-na-ey-corporate-reporting-forum-2025\/#article","isPartOf":{"@id":"https:\/\/materiality.pl\/wiedza-i-praktyka\/materiality-na-ey-corporate-reporting-forum-2025\/"},"author":{"name":"@dm1n-@l1cjA","@id":"https:\/\/materiality.pl\/#\/schema\/person\/46170ac12df06c9695594ef9a5501109"},"headline":"MATERIALITY na EY Corporate Reporting Forum 2025","datePublished":"2025-11-19T09:00:08+00:00","dateModified":"2025-12-16T10:10:34+00:00","mainEntityOfPage":{"@id":"https:\/\/materiality.pl\/wiedza-i-praktyka\/materiality-na-ey-corporate-reporting-forum-2025\/"},"wordCount":160,"publisher":{"@id":"https:\/\/materiality.pl\/#organization"},"articleSection":["Wyst\u0105pienia"],"inLanguage":"en-US"},{"@type":"WebPage","@id":"https:\/\/materiality.pl\/wiedza-i-praktyka\/materiality-na-ey-corporate-reporting-forum-2025\/","url":"https:\/\/materiality.pl\/wiedza-i-praktyka\/materiality-na-ey-corporate-reporting-forum-2025\/","name":"MATERIALITY at the EY Corporate Reporting Forum 2025 \u2022 MATERIALITY","isPartOf":{"@id":"https:\/\/materiality.pl\/#website"},"datePublished":"2025-11-19T09:00:08+00:00","dateModified":"2025-12-16T10:10:34+00:00","breadcrumb":{"@id":"https:\/\/materiality.pl\/wiedza-i-praktyka\/materiality-na-ey-corporate-reporting-forum-2025\/#breadcrumb"},"inLanguage":"en-US","potentialAction":[{"@type":"ReadAction","target":["https:\/\/materiality.pl\/wiedza-i-praktyka\/materiality-na-ey-corporate-reporting-forum-2025\/"]}]},{"@type":"BreadcrumbList","@id":"https:\/\/materiality.pl\/wiedza-i-praktyka\/materiality-na-ey-corporate-reporting-forum-2025\/#breadcrumb","itemListElement":[{"@type":"ListItem","position":1,"name":"Home","item":"https:\/\/materiality.pl\/"},{"@type":"ListItem","position":2,"name":"MATERIALITY na EY Corporate Reporting Forum 2025"}]},{"@type":"WebSite","@id":"https:\/\/materiality.pl\/#website","url":"https:\/\/materiality.pl\/","name":"MATERIALITY","description":"Sustainability Pathfinders","publisher":{"@id":"https:\/\/materiality.pl\/#organization"},"alternateName":"MATERIALITY","potentialAction":[{"@type":"SearchAction","target":{"@type":"EntryPoint","urlTemplate":"https:\/\/materiality.pl\/?s={search_term_string}"},"query-input":{"@type":"PropertyValueSpecification","valueRequired":true,"valueName":"search_term_string"}}],"inLanguage":"en-US"},{"@type":"Organization","@id":"https:\/\/materiality.pl\/#organization","name":"MATERIALITY","alternateName":"Materiality","url":"https:\/\/materiality.pl\/","logo":{"@type":"ImageObject","inLanguage":"en-US","@id":"https:\/\/materiality.pl\/#\/schema\/logo\/image\/","url":"https:\/\/materiality.pl\/wp-content\/uploads\/cropped-favicon-materiality.webp","contentUrl":"https:\/\/materiality.pl\/wp-content\/uploads\/cropped-favicon-materiality.webp","width":512,"height":512,"caption":"MATERIALITY"},"image":{"@id":"https:\/\/materiality.pl\/#\/schema\/logo\/image\/"},"sameAs":["https:\/\/www.facebook.com\/materialitypl\/","https:\/\/www.linkedin.com\/company\/materialitypl\/"]},{"@type":"Person","@id":"https:\/\/materiality.pl\/#\/schema\/person\/46170ac12df06c9695594ef9a5501109","name":"@dm1n-@l1cjA","image":{"@type":"ImageObject","inLanguage":"en-US","@id":"https:\/\/secure.gravatar.com\/avatar\/55f1a521e441dc54a2006ab4ceb58962684afcd91dcae9133df017ecc1b65586?s=96&d=mm&r=g","url":"https:\/\/secure.gravatar.com\/avatar\/55f1a521e441dc54a2006ab4ceb58962684afcd91dcae9133df017ecc1b65586?s=96&d=mm&r=g","contentUrl":"https:\/\/secure.gravatar.com\/avatar\/55f1a521e441dc54a2006ab4ceb58962684afcd91dcae9133df017ecc1b65586?s=96&d=mm&r=g","caption":"@dm1n-@l1cjA"}}]}},"_links":{"self":[{"href":"https:\/\/materiality.pl\/en\/wp-json\/wp\/v2\/posts\/4840","targetHints":{"allow":["GET"]}}],"collection":[{"href":"https:\/\/materiality.pl\/en\/wp-json\/wp\/v2\/posts"}],"about":[{"href":"https:\/\/materiality.pl\/en\/wp-json\/wp\/v2\/types\/post"}],"author":[{"embeddable":true,"href":"https:\/\/materiality.pl\/en\/wp-json\/wp\/v2\/users\/3"}],"replies":[{"embeddable":true,"href":"https:\/\/materiality.pl\/en\/wp-json\/wp\/v2\/comments?post=4840"}],"version-history":[{"count":5,"href":"https:\/\/materiality.pl\/en\/wp-json\/wp\/v2\/posts\/4840\/revisions"}],"predecessor-version":[{"id":4848,"href":"https:\/\/materiality.pl\/en\/wp-json\/wp\/v2\/posts\/4840\/revisions\/4848"}],"wp:attachment":[{"href":"https:\/\/materiality.pl\/en\/wp-json\/wp\/v2\/media?parent=4840"}],"wp:term":[{"taxonomy":"category","embeddable":true,"href":"https:\/\/materiality.pl\/en\/wp-json\/wp\/v2\/categories?post=4840"},{"taxonomy":"post_tag","embeddable":true,"href":"https:\/\/materiality.pl\/en\/wp-json\/wp\/v2\/tags?post=4840"}],"curies":[{"name":"wp","href":"https:\/\/api.w.org\/{rel}","templated":true}]}}