{"id":5185,"date":"2022-05-30T10:53:32","date_gmt":"2022-05-30T08:53:32","guid":{"rendered":"https:\/\/materiality.pl\/?p=5185"},"modified":"2026-01-19T10:56:13","modified_gmt":"2026-01-19T09:56:13","slug":"materiality-in-trojmiasto-about-taxonomy-in-the-construction-sector","status":"publish","type":"post","link":"https:\/\/materiality.pl\/en\/wiedza-i-praktyka\/materiality-w-trojmiescie-o-taksonomii-w-sektorze-budowlanym\/","title":{"rendered":"MATERIALITY in the Tri-City on Taxonomy in the Construction Sector"},"content":{"rendered":"<div data-elementor-type=\"wp-post\" data-elementor-id=\"5185\" class=\"elementor elementor-5185\" data-elementor-post-type=\"post\">\n\t\t\t\t<div class=\"elementor-element elementor-element-4f7d6ca8 e-flex e-con-boxed e-con e-parent\" data-id=\"4f7d6ca8\" data-element_type=\"container\" data-e-type=\"container\">\n\t\t\t\t\t<div class=\"e-con-inner\">\n\t\t\t\t<div class=\"elementor-element elementor-element-4196195a elementor-widget elementor-widget-text-editor\" data-id=\"4196195a\" data-element_type=\"widget\" data-e-type=\"widget\" data-widget_type=\"text-editor.default\">\n\t\t\t\t\t\t\t\t\t<p>The event covered the following topics, among others:<\/p><ul><li>Strategy for adapting cities to climate change - Kamil Wyszkowski (UN Global Compact Network Poland)<\/li><li>Panel discussion \u201cClimate change and investors\u201d actions\" - Michal Gu\u0107 (v-ce of Gdynia for innovation), \u0141ukasz \u015aled\u017a (Allcon), Katarzyna Rauber (Yareal), Maciej Gw\u00f3\u017ad\u017a (Costa Project), moderator: Ma\u0142gorzata Mirota-Karp (WSP Poland)<\/li><li>Responsible contractor - Sandra St\u0119\u017ca\u0142y (FineTech).<\/li><li>ESG - responsible business - Slawomir Brz\u00f3zek (ESG director at ENERIS).<\/li><li>Circular construction in practice - Dominika Zielinska (Workplace).<\/li><\/ul><p>Green Buildings Day is a national conference on sustainable buildings and their role in a changing climate. This year's event consisted of three thematic blocks entitled: Climate Change, Environmental Responsibility, and Technology and Sustainable Design.<\/p><p>The impact of climate change on urban life, particularly in the Baltic Sea region, was discussed. Criteria for evaluating companies, countries and other organizations as sustainable - including ESG or taxonomy - were discussed, as well as examples of circular construction, low-carbon technological solutions and sustainable transportation options.<\/p><p>The conference is organized by the Tricity-based design and consulting firm Costa Project and WSP, one of the leading global engineering and consulting services companies.<\/p><p><img loading=\"lazy\" decoding=\"async\" class=\"alignnone size-large wp-image-5187\" src=\"https:\/\/materiality.pl\/wp-content\/uploads\/trojmiejski-dzien-zielonych-budynkow-2.0-1500.jpg-1200x619-1-1024x528.webp\" alt=\"Tri-City Green Buildings Day 2.0 in Gdynia\" width=\"800\" height=\"413\" srcset=\"https:\/\/materiality.pl\/wp-content\/uploads\/trojmiejski-dzien-zielonych-budynkow-2.0-1500.jpg-1200x619-1-1024x528.webp 1024w, https:\/\/materiality.pl\/wp-content\/uploads\/trojmiejski-dzien-zielonych-budynkow-2.0-1500.jpg-1200x619-1-300x155.webp 300w, https:\/\/materiality.pl\/wp-content\/uploads\/trojmiejski-dzien-zielonych-budynkow-2.0-1500.jpg-1200x619-1-768x396.webp 768w, https:\/\/materiality.pl\/wp-content\/uploads\/trojmiejski-dzien-zielonych-budynkow-2.0-1500.jpg-1200x619-1-18x9.webp 18w, https:\/\/materiality.pl\/wp-content\/uploads\/trojmiejski-dzien-zielonych-budynkow-2.0-1500.jpg-1200x619-1.webp 1200w\" sizes=\"auto, (max-width: 800px) 100vw, 800px\" \/><\/p>\t\t\t\t\t\t\t\t<\/div>\n\t\t\t\t\t<\/div>\n\t\t\t\t<\/div>\n\t\t\t\t<\/div>","protected":false},"excerpt":{"rendered":"<p>Justyna Biernacka and Piotr Biernacki spoke at the Tri-City Green Buildings Day 2.0 in Gdynia about the EU Taxonomy of Environmentally Sustainable Activities in Construction. The main focus of the speech was the impact of the new regulation on the real estate market and the construction industry. MATERIALITY partners took part in a block titled \u201eEnvironmental Responsibility.<\/p>","protected":false},"author":3,"featured_media":5187,"comment_status":"closed","ping_status":"closed","sticky":false,"template":"","format":"standard","meta":{"footnotes":""},"categories":[9],"tags":[30,36],"class_list":["post-5185","post","type-post","status-publish","format-standard","has-post-thumbnail","hentry","category-wystapienia","tag-aktywnosci-materiality","tag-zrownowazone-budownictwo"],"yoast_head":"<!-- This site is optimized with the Yoast SEO plugin v28.4 - https:\/\/yoast.com\/product\/yoast-seo-wordpress\/ -->\n<title>MATERIALITY w Tr\u00f3jmie\u015bcie o Taksonomii w sektorze budowlanym &#8226; MATERIALITY<\/title>\n<meta name=\"robots\" content=\"index, follow, max-snippet:-1, max-image-preview:large, max-video-preview:-1\" \/>\n<link rel=\"canonical\" href=\"https:\/\/materiality.pl\/en\/knowledge-and-practice\/materiality-in-trojmiasto-about-taxonomy-in-the-construction-sector\/\" \/>\n<meta property=\"og:locale\" content=\"en_US\" \/>\n<meta property=\"og:type\" content=\"article\" \/>\n<meta property=\"og:title\" content=\"MATERIALITY w Tr\u00f3jmie\u015bcie o Taksonomii w sektorze budowlanym &#8226; MATERIALITY\" \/>\n<meta property=\"og:description\" content=\"Justyna Biernacka i Piotr Biernacki podczas Tr\u00f3jmiejskiego Dnia Zielonych Budynk\u00f3w 2.0 w Gdyni opowiadali o unijnej Taksonomii dzia\u0142alno\u015bci zr\u00f3wnowa\u017conej \u015brodowiskowo w budownictwie. G\u0142\u00f3wn\u0105 osi\u0105 wyst\u0105pienia by\u0142 wp\u0142yw nowej regulacji na rynek nieruchomo\u015bci i bran\u017c\u0119 budowlan\u0105. Partnerzy MATERIALITY wzi\u0119li udzia\u0142 w bloku zatytu\u0142owanym \u201eOdpowiedzialno\u015b\u0107 ekologiczna\u201d.\" \/>\n<meta property=\"og:url\" content=\"https:\/\/materiality.pl\/en\/knowledge-and-practice\/materiality-in-trojmiasto-about-taxonomy-in-the-construction-sector\/\" \/>\n<meta property=\"og:site_name\" content=\"MATERIALITY\" \/>\n<meta property=\"article:publisher\" content=\"https:\/\/www.facebook.com\/materialitypl\/\" \/>\n<meta property=\"article:published_time\" content=\"2022-05-30T08:53:32+00:00\" \/>\n<meta property=\"article:modified_time\" content=\"2026-01-19T09:56:13+00:00\" \/>\n<meta property=\"og:image\" content=\"https:\/\/materiality.pl\/wp-content\/uploads\/trojmiejski-dzien-zielonych-budynkow-2.0-1500.jpg-1200x619-1.webp\" \/>\n\t<meta property=\"og:image:width\" content=\"1200\" \/>\n\t<meta property=\"og:image:height\" content=\"619\" \/>\n\t<meta property=\"og:image:type\" content=\"image\/webp\" \/>\n<meta name=\"author\" content=\"@dm1n-@l1cjA\" \/>\n<script type=\"application\/ld+json\" class=\"yoast-schema-graph\">{\"@context\":\"https:\\\/\\\/schema.org\",\"@graph\":[{\"@type\":\"Article\",\"@id\":\"https:\\\/\\\/materiality.pl\\\/wiedza-i-praktyka\\\/materiality-w-trojmiescie-o-taksonomii-w-sektorze-budowlanym\\\/#article\",\"isPartOf\":{\"@id\":\"https:\\\/\\\/materiality.pl\\\/wiedza-i-praktyka\\\/materiality-w-trojmiescie-o-taksonomii-w-sektorze-budowlanym\\\/\"},\"author\":{\"name\":\"@dm1n-@l1cjA\",\"@id\":\"https:\\\/\\\/materiality.pl\\\/#\\\/schema\\\/person\\\/46170ac12df06c9695594ef9a5501109\"},\"headline\":\"MATERIALITY w Tr\u00f3jmie\u015bcie o Taksonomii w sektorze budowlanym\",\"datePublished\":\"2022-05-30T08:53:32+00:00\",\"dateModified\":\"2026-01-19T09:56:13+00:00\",\"mainEntityOfPage\":{\"@id\":\"https:\\\/\\\/materiality.pl\\\/wiedza-i-praktyka\\\/materiality-w-trojmiescie-o-taksonomii-w-sektorze-budowlanym\\\/\"},\"wordCount\":222,\"publisher\":{\"@id\":\"https:\\\/\\\/materiality.pl\\\/#organization\"},\"image\":{\"@id\":\"https:\\\/\\\/materiality.pl\\\/wiedza-i-praktyka\\\/materiality-w-trojmiescie-o-taksonomii-w-sektorze-budowlanym\\\/#primaryimage\"},\"thumbnailUrl\":\"https:\\\/\\\/materiality.pl\\\/wp-content\\\/uploads\\\/trojmiejski-dzien-zielonych-budynkow-2.0-1500.jpg-1200x619-1.webp\",\"keywords\":[\"Aktywno\u015bci MATERIALITY\",\"Zr\u00f3wnowa\u017cone budownictwo\"],\"articleSection\":[\"Wyst\u0105pienia\"],\"inLanguage\":\"en-US\"},{\"@type\":\"WebPage\",\"@id\":\"https:\\\/\\\/materiality.pl\\\/wiedza-i-praktyka\\\/materiality-w-trojmiescie-o-taksonomii-w-sektorze-budowlanym\\\/\",\"url\":\"https:\\\/\\\/materiality.pl\\\/wiedza-i-praktyka\\\/materiality-w-trojmiescie-o-taksonomii-w-sektorze-budowlanym\\\/\",\"name\":\"MATERIALITY w Tr\u00f3jmie\u015bcie o Taksonomii w sektorze budowlanym &#8226; MATERIALITY\",\"isPartOf\":{\"@id\":\"https:\\\/\\\/materiality.pl\\\/#website\"},\"primaryImageOfPage\":{\"@id\":\"https:\\\/\\\/materiality.pl\\\/wiedza-i-praktyka\\\/materiality-w-trojmiescie-o-taksonomii-w-sektorze-budowlanym\\\/#primaryimage\"},\"image\":{\"@id\":\"https:\\\/\\\/materiality.pl\\\/wiedza-i-praktyka\\\/materiality-w-trojmiescie-o-taksonomii-w-sektorze-budowlanym\\\/#primaryimage\"},\"thumbnailUrl\":\"https:\\\/\\\/materiality.pl\\\/wp-content\\\/uploads\\\/trojmiejski-dzien-zielonych-budynkow-2.0-1500.jpg-1200x619-1.webp\",\"datePublished\":\"2022-05-30T08:53:32+00:00\",\"dateModified\":\"2026-01-19T09:56:13+00:00\",\"breadcrumb\":{\"@id\":\"https:\\\/\\\/materiality.pl\\\/wiedza-i-praktyka\\\/materiality-w-trojmiescie-o-taksonomii-w-sektorze-budowlanym\\\/#breadcrumb\"},\"inLanguage\":\"en-US\",\"potentialAction\":[{\"@type\":\"ReadAction\",\"target\":[\"https:\\\/\\\/materiality.pl\\\/wiedza-i-praktyka\\\/materiality-w-trojmiescie-o-taksonomii-w-sektorze-budowlanym\\\/\"]}]},{\"@type\":\"ImageObject\",\"inLanguage\":\"en-US\",\"@id\":\"https:\\\/\\\/materiality.pl\\\/wiedza-i-praktyka\\\/materiality-w-trojmiescie-o-taksonomii-w-sektorze-budowlanym\\\/#primaryimage\",\"url\":\"https:\\\/\\\/materiality.pl\\\/wp-content\\\/uploads\\\/trojmiejski-dzien-zielonych-budynkow-2.0-1500.jpg-1200x619-1.webp\",\"contentUrl\":\"https:\\\/\\\/materiality.pl\\\/wp-content\\\/uploads\\\/trojmiejski-dzien-zielonych-budynkow-2.0-1500.jpg-1200x619-1.webp\",\"width\":1200,\"height\":619,\"caption\":\"Plakat informuj\u0105cy: Tr\u00f3jmiejski Dzie\u0144 Zielonych Budynk\u00f3w 2.0 w Gdyni 27.05.2022\"},{\"@type\":\"BreadcrumbList\",\"@id\":\"https:\\\/\\\/materiality.pl\\\/wiedza-i-praktyka\\\/materiality-w-trojmiescie-o-taksonomii-w-sektorze-budowlanym\\\/#breadcrumb\",\"itemListElement\":[{\"@type\":\"ListItem\",\"position\":1,\"name\":\"Home\",\"item\":\"https:\\\/\\\/materiality.pl\\\/\"},{\"@type\":\"ListItem\",\"position\":2,\"name\":\"MATERIALITY w Tr\u00f3jmie\u015bcie o Taksonomii w sektorze budowlanym\"}]},{\"@type\":\"WebSite\",\"@id\":\"https:\\\/\\\/materiality.pl\\\/#website\",\"url\":\"https:\\\/\\\/materiality.pl\\\/\",\"name\":\"MATERIALITY\",\"description\":\"Sustainability Pathfinders\",\"publisher\":{\"@id\":\"https:\\\/\\\/materiality.pl\\\/#organization\"},\"alternateName\":\"MATERIALITY\",\"potentialAction\":[{\"@type\":\"SearchAction\",\"target\":{\"@type\":\"EntryPoint\",\"urlTemplate\":\"https:\\\/\\\/materiality.pl\\\/?s={search_term_string}\"},\"query-input\":{\"@type\":\"PropertyValueSpecification\",\"valueRequired\":true,\"valueName\":\"search_term_string\"}}],\"inLanguage\":\"en-US\"},{\"@type\":\"Organization\",\"@id\":\"https:\\\/\\\/materiality.pl\\\/#organization\",\"name\":\"MATERIALITY\",\"alternateName\":\"Materiality\",\"url\":\"https:\\\/\\\/materiality.pl\\\/\",\"logo\":{\"@type\":\"ImageObject\",\"inLanguage\":\"en-US\",\"@id\":\"https:\\\/\\\/materiality.pl\\\/#\\\/schema\\\/logo\\\/image\\\/\",\"url\":\"https:\\\/\\\/materiality.pl\\\/wp-content\\\/uploads\\\/cropped-favicon-materiality.webp\",\"contentUrl\":\"https:\\\/\\\/materiality.pl\\\/wp-content\\\/uploads\\\/cropped-favicon-materiality.webp\",\"width\":512,\"height\":512,\"caption\":\"MATERIALITY\"},\"image\":{\"@id\":\"https:\\\/\\\/materiality.pl\\\/#\\\/schema\\\/logo\\\/image\\\/\"},\"sameAs\":[\"https:\\\/\\\/www.facebook.com\\\/materialitypl\\\/\",\"https:\\\/\\\/www.linkedin.com\\\/company\\\/materialitypl\\\/\"]},{\"@type\":\"Person\",\"@id\":\"https:\\\/\\\/materiality.pl\\\/#\\\/schema\\\/person\\\/46170ac12df06c9695594ef9a5501109\",\"name\":\"@dm1n-@l1cjA\",\"image\":{\"@type\":\"ImageObject\",\"inLanguage\":\"en-US\",\"@id\":\"https:\\\/\\\/secure.gravatar.com\\\/avatar\\\/55f1a521e441dc54a2006ab4ceb58962684afcd91dcae9133df017ecc1b65586?s=96&d=mm&r=g\",\"url\":\"https:\\\/\\\/secure.gravatar.com\\\/avatar\\\/55f1a521e441dc54a2006ab4ceb58962684afcd91dcae9133df017ecc1b65586?s=96&d=mm&r=g\",\"contentUrl\":\"https:\\\/\\\/secure.gravatar.com\\\/avatar\\\/55f1a521e441dc54a2006ab4ceb58962684afcd91dcae9133df017ecc1b65586?s=96&d=mm&r=g\",\"caption\":\"@dm1n-@l1cjA\"}}]}<\/script>\n<!-- \/ Yoast SEO plugin. -->","yoast_head_json":{"title":"MATERIALITY in the Tri-City on Taxonomy in the construction sector - MATERIALITY","robots":{"index":"index","follow":"follow","max-snippet":"max-snippet:-1","max-image-preview":"max-image-preview:large","max-video-preview":"max-video-preview:-1"},"canonical":"https:\/\/materiality.pl\/en\/knowledge-and-practice\/materiality-in-trojmiasto-about-taxonomy-in-the-construction-sector\/","og_locale":"en_US","og_type":"article","og_title":"MATERIALITY w Tr\u00f3jmie\u015bcie o Taksonomii w sektorze budowlanym &#8226; MATERIALITY","og_description":"Justyna Biernacka i Piotr Biernacki podczas Tr\u00f3jmiejskiego Dnia Zielonych Budynk\u00f3w 2.0 w Gdyni opowiadali o unijnej Taksonomii dzia\u0142alno\u015bci zr\u00f3wnowa\u017conej \u015brodowiskowo w budownictwie. G\u0142\u00f3wn\u0105 osi\u0105 wyst\u0105pienia by\u0142 wp\u0142yw nowej regulacji na rynek nieruchomo\u015bci i bran\u017c\u0119 budowlan\u0105. Partnerzy MATERIALITY wzi\u0119li udzia\u0142 w bloku zatytu\u0142owanym \u201eOdpowiedzialno\u015b\u0107 ekologiczna\u201d.","og_url":"https:\/\/materiality.pl\/en\/knowledge-and-practice\/materiality-in-trojmiasto-about-taxonomy-in-the-construction-sector\/","og_site_name":"MATERIALITY","article_publisher":"https:\/\/www.facebook.com\/materialitypl\/","article_published_time":"2022-05-30T08:53:32+00:00","article_modified_time":"2026-01-19T09:56:13+00:00","og_image":[{"width":1200,"height":619,"url":"https:\/\/materiality.pl\/wp-content\/uploads\/trojmiejski-dzien-zielonych-budynkow-2.0-1500.jpg-1200x619-1.webp","type":"image\/webp"}],"author":"@dm1n-@l1cjA","schema":{"@context":"https:\/\/schema.org","@graph":[{"@type":"Article","@id":"https:\/\/materiality.pl\/wiedza-i-praktyka\/materiality-w-trojmiescie-o-taksonomii-w-sektorze-budowlanym\/#article","isPartOf":{"@id":"https:\/\/materiality.pl\/wiedza-i-praktyka\/materiality-w-trojmiescie-o-taksonomii-w-sektorze-budowlanym\/"},"author":{"name":"@dm1n-@l1cjA","@id":"https:\/\/materiality.pl\/#\/schema\/person\/46170ac12df06c9695594ef9a5501109"},"headline":"MATERIALITY w Tr\u00f3jmie\u015bcie o Taksonomii w sektorze budowlanym","datePublished":"2022-05-30T08:53:32+00:00","dateModified":"2026-01-19T09:56:13+00:00","mainEntityOfPage":{"@id":"https:\/\/materiality.pl\/wiedza-i-praktyka\/materiality-w-trojmiescie-o-taksonomii-w-sektorze-budowlanym\/"},"wordCount":222,"publisher":{"@id":"https:\/\/materiality.pl\/#organization"},"image":{"@id":"https:\/\/materiality.pl\/wiedza-i-praktyka\/materiality-w-trojmiescie-o-taksonomii-w-sektorze-budowlanym\/#primaryimage"},"thumbnailUrl":"https:\/\/materiality.pl\/wp-content\/uploads\/trojmiejski-dzien-zielonych-budynkow-2.0-1500.jpg-1200x619-1.webp","keywords":["Aktywno\u015bci MATERIALITY","Zr\u00f3wnowa\u017cone budownictwo"],"articleSection":["Wyst\u0105pienia"],"inLanguage":"en-US"},{"@type":"WebPage","@id":"https:\/\/materiality.pl\/wiedza-i-praktyka\/materiality-w-trojmiescie-o-taksonomii-w-sektorze-budowlanym\/","url":"https:\/\/materiality.pl\/wiedza-i-praktyka\/materiality-w-trojmiescie-o-taksonomii-w-sektorze-budowlanym\/","name":"MATERIALITY in the Tri-City on Taxonomy in the construction sector - MATERIALITY","isPartOf":{"@id":"https:\/\/materiality.pl\/#website"},"primaryImageOfPage":{"@id":"https:\/\/materiality.pl\/wiedza-i-praktyka\/materiality-w-trojmiescie-o-taksonomii-w-sektorze-budowlanym\/#primaryimage"},"image":{"@id":"https:\/\/materiality.pl\/wiedza-i-praktyka\/materiality-w-trojmiescie-o-taksonomii-w-sektorze-budowlanym\/#primaryimage"},"thumbnailUrl":"https:\/\/materiality.pl\/wp-content\/uploads\/trojmiejski-dzien-zielonych-budynkow-2.0-1500.jpg-1200x619-1.webp","datePublished":"2022-05-30T08:53:32+00:00","dateModified":"2026-01-19T09:56:13+00:00","breadcrumb":{"@id":"https:\/\/materiality.pl\/wiedza-i-praktyka\/materiality-w-trojmiescie-o-taksonomii-w-sektorze-budowlanym\/#breadcrumb"},"inLanguage":"en-US","potentialAction":[{"@type":"ReadAction","target":["https:\/\/materiality.pl\/wiedza-i-praktyka\/materiality-w-trojmiescie-o-taksonomii-w-sektorze-budowlanym\/"]}]},{"@type":"ImageObject","inLanguage":"en-US","@id":"https:\/\/materiality.pl\/wiedza-i-praktyka\/materiality-w-trojmiescie-o-taksonomii-w-sektorze-budowlanym\/#primaryimage","url":"https:\/\/materiality.pl\/wp-content\/uploads\/trojmiejski-dzien-zielonych-budynkow-2.0-1500.jpg-1200x619-1.webp","contentUrl":"https:\/\/materiality.pl\/wp-content\/uploads\/trojmiejski-dzien-zielonych-budynkow-2.0-1500.jpg-1200x619-1.webp","width":1200,"height":619,"caption":"Plakat informuj\u0105cy: Tr\u00f3jmiejski Dzie\u0144 Zielonych Budynk\u00f3w 2.0 w Gdyni 27.05.2022"},{"@type":"BreadcrumbList","@id":"https:\/\/materiality.pl\/wiedza-i-praktyka\/materiality-w-trojmiescie-o-taksonomii-w-sektorze-budowlanym\/#breadcrumb","itemListElement":[{"@type":"ListItem","position":1,"name":"Home","item":"https:\/\/materiality.pl\/"},{"@type":"ListItem","position":2,"name":"MATERIALITY w Tr\u00f3jmie\u015bcie o Taksonomii w sektorze budowlanym"}]},{"@type":"WebSite","@id":"https:\/\/materiality.pl\/#website","url":"https:\/\/materiality.pl\/","name":"MATERIALITY,","description":"Sustainability Pathfinders","publisher":{"@id":"https:\/\/materiality.pl\/#organization"},"alternateName":"MATERIALITY","potentialAction":[{"@type":"SearchAction","target":{"@type":"EntryPoint","urlTemplate":"https:\/\/materiality.pl\/?s={search_term_string}"},"query-input":{"@type":"PropertyValueSpecification","valueRequired":true,"valueName":"search_term_string"}}],"inLanguage":"en-US"},{"@type":"Organization","@id":"https:\/\/materiality.pl\/#organization","name":"MATERIALITY,","alternateName":"Materiality","url":"https:\/\/materiality.pl\/","logo":{"@type":"ImageObject","inLanguage":"en-US","@id":"https:\/\/materiality.pl\/#\/schema\/logo\/image\/","url":"https:\/\/materiality.pl\/wp-content\/uploads\/cropped-favicon-materiality.webp","contentUrl":"https:\/\/materiality.pl\/wp-content\/uploads\/cropped-favicon-materiality.webp","width":512,"height":512,"caption":"MATERIALITY"},"image":{"@id":"https:\/\/materiality.pl\/#\/schema\/logo\/image\/"},"sameAs":["https:\/\/www.facebook.com\/materialitypl\/","https:\/\/www.linkedin.com\/company\/materialitypl\/"]},{"@type":"Person","@id":"https:\/\/materiality.pl\/#\/schema\/person\/46170ac12df06c9695594ef9a5501109","name":"@dm1n-@l1cjA","image":{"@type":"ImageObject","inLanguage":"en-US","@id":"https:\/\/secure.gravatar.com\/avatar\/55f1a521e441dc54a2006ab4ceb58962684afcd91dcae9133df017ecc1b65586?s=96&d=mm&r=g","url":"https:\/\/secure.gravatar.com\/avatar\/55f1a521e441dc54a2006ab4ceb58962684afcd91dcae9133df017ecc1b65586?s=96&d=mm&r=g","contentUrl":"https:\/\/secure.gravatar.com\/avatar\/55f1a521e441dc54a2006ab4ceb58962684afcd91dcae9133df017ecc1b65586?s=96&d=mm&r=g","caption":"@dm1n-@l1cjA"}}]}},"_links":{"self":[{"href":"https:\/\/materiality.pl\/en\/wp-json\/wp\/v2\/posts\/5185","targetHints":{"allow":["GET"]}}],"collection":[{"href":"https:\/\/materiality.pl\/en\/wp-json\/wp\/v2\/posts"}],"about":[{"href":"https:\/\/materiality.pl\/en\/wp-json\/wp\/v2\/types\/post"}],"author":[{"embeddable":true,"href":"https:\/\/materiality.pl\/en\/wp-json\/wp\/v2\/users\/3"}],"replies":[{"embeddable":true,"href":"https:\/\/materiality.pl\/en\/wp-json\/wp\/v2\/comments?post=5185"}],"version-history":[{"count":5,"href":"https:\/\/materiality.pl\/en\/wp-json\/wp\/v2\/posts\/5185\/revisions"}],"predecessor-version":[{"id":5191,"href":"https:\/\/materiality.pl\/en\/wp-json\/wp\/v2\/posts\/5185\/revisions\/5191"}],"wp:featuredmedia":[{"embeddable":true,"href":"https:\/\/materiality.pl\/en\/wp-json\/wp\/v2\/media\/5187"}],"wp:attachment":[{"href":"https:\/\/materiality.pl\/en\/wp-json\/wp\/v2\/media?parent=5185"}],"wp:term":[{"taxonomy":"category","embeddable":true,"href":"https:\/\/materiality.pl\/en\/wp-json\/wp\/v2\/categories?post=5185"},{"taxonomy":"post_tag","embeddable":true,"href":"https:\/\/materiality.pl\/en\/wp-json\/wp\/v2\/tags?post=5185"}],"curies":[{"name":"wp","href":"https:\/\/api.w.org\/{rel}","templated":true}]}}