{"id":5317,"date":"2026-01-27T14:06:56","date_gmt":"2026-01-27T13:06:56","guid":{"rendered":"https:\/\/materiality.pl\/?p=5317"},"modified":"2026-01-27T14:14:18","modified_gmt":"2026-01-27T13:14:18","slug":"materiality-at-ungc-meeting","status":"publish","type":"post","link":"https:\/\/materiality.pl\/en\/wiedza-i-praktyka\/materiality-na-spotkaniu-ungc\/","title":{"rendered":"MATERIALITY at UNGC meeting"},"content":{"rendered":"\t\t<div data-elementor-type=\"wp-post\" data-elementor-id=\"5317\" class=\"elementor elementor-5317\" data-elementor-post-type=\"post\">\n\t\t\t\t<div class=\"elementor-element elementor-element-4f7d6ca8 e-flex e-con-boxed e-con e-parent\" data-id=\"4f7d6ca8\" data-element_type=\"container\" data-e-type=\"container\">\n\t\t\t\t\t<div class=\"e-con-inner\">\n\t\t\t\t<div class=\"elementor-element elementor-element-4196195a elementor-widget elementor-widget-text-editor\" data-id=\"4196195a\" data-element_type=\"widget\" data-e-type=\"widget\" data-widget_type=\"text-editor.default\">\n\t\t\t\t\t\t\t\t\t<p><span data-contrast=\"auto\">W trakcie wydarzenia\u00a0<\/span><a href=\"https:\/\/www.linkedin.com\/in\/kamil-wyszkowski-8711552\/\" target=\"_blank\" rel=\"noopener noreferrer nofollow\"><span data-contrast=\"none\">Kamil Wyszkowski<\/span><\/a><span data-contrast=\"auto\">, Dyrektor Wykonawczy i Przedstawiciel Krajowy UN GCNP, zaprezentowa\u0142 globaln\u0105 strategi\u0119 UNGC na 2026 rok.\u00a0<\/span><span data-ccp-props=\"{}\">\u00a0<\/span><\/p><p><span data-contrast=\"auto\">Spotkaniu towarzyszy\u0142a premiera <a href=\"https:\/\/ungc.org.pl\/raport-perception-of-sustainable-development-by-europeans\/\" target=\"_blank\" rel=\"noopener noreferrer nofollow\">raportu UNGC &#8222;Postrzeganie zr\u00f3wnowa\u017conego rozwoju przez Europejczyk\u00f3w&#8221;<\/a> opartego na wynikach badania przeprowadzonego przez sieci UN Global Compact w 15 krajach Unii Europejskiej (w tym w Polsce) oraz w Wielkiej Brytanii.<\/span><span data-ccp-props=\"{}\">\u00a0<\/span><\/p><p><span data-contrast=\"auto\">\u201eBadanie pokazuje sp\u00f3jne i jednoznaczne postrzeganie znaczenia zr\u00f3wnowa\u017conego rozwoju w ca\u0142ej Europie:<\/span><span data-ccp-props=\"{}\">\u00a0<\/span><\/p><ul><li aria-setsize=\"-1\" data-leveltext=\"\uf0b7\" data-font=\"Symbol\" data-listid=\"2\" data-list-defn-props=\"{&quot;335552541&quot;:1,&quot;335559683&quot;:0,&quot;335559684&quot;:-2,&quot;335559685&quot;:720,&quot;335559991&quot;:360,&quot;469769226&quot;:&quot;Symbol&quot;,&quot;469769242&quot;:[8226],&quot;469777803&quot;:&quot;left&quot;,&quot;469777804&quot;:&quot;\uf0b7&quot;,&quot;469777815&quot;:&quot;hybridMultilevel&quot;}\" data-aria-posinset=\"1\" data-aria-level=\"1\"><span data-contrast=\"auto\">80% respondent\u00f3w uwa\u017ca, \u017ce zr\u00f3wnowa\u017cony rozw\u00f3j powinien by\u0107 jednym z g\u0142\u00f3wnych priorytet\u00f3w dla Unii Europejskiej oraz rz\u0105d\u00f3w krajowych.<\/span><span data-ccp-props=\"{}\">\u00a0<\/span><\/li><\/ul><ul><li aria-setsize=\"-1\" data-leveltext=\"\uf0b7\" data-font=\"Symbol\" data-listid=\"2\" data-list-defn-props=\"{&quot;335552541&quot;:1,&quot;335559683&quot;:0,&quot;335559684&quot;:-2,&quot;335559685&quot;:720,&quot;335559991&quot;:360,&quot;469769226&quot;:&quot;Symbol&quot;,&quot;469769242&quot;:[8226],&quot;469777803&quot;:&quot;left&quot;,&quot;469777804&quot;:&quot;\uf0b7&quot;,&quot;469777815&quot;:&quot;hybridMultilevel&quot;}\" data-aria-posinset=\"2\" data-aria-level=\"1\"><span data-contrast=\"auto\">85% badanych uznaje regulacje dotycz\u0105ce zr\u00f3wnowa\u017conego rozwoju w biznesie za niezb\u0119dne do budowy trwa\u0142ej i odpornej gospodarki.<\/span><span data-ccp-props=\"{}\">\u00a0<\/span><\/li><li aria-setsize=\"-1\" data-leveltext=\"\uf0b7\" data-font=\"Symbol\" data-listid=\"2\" data-list-defn-props=\"{&quot;335552541&quot;:1,&quot;335559683&quot;:0,&quot;335559684&quot;:-2,&quot;335559685&quot;:720,&quot;335559991&quot;:360,&quot;469769226&quot;:&quot;Symbol&quot;,&quot;469769242&quot;:[8226],&quot;469777803&quot;:&quot;left&quot;,&quot;469777804&quot;:&quot;\uf0b7&quot;,&quot;469777815&quot;:&quot;hybridMultilevel&quot;}\" data-aria-posinset=\"3\" data-aria-level=\"1\"><span data-contrast=\"auto\">75% respondent\u00f3w wskazuje, \u017ce zar\u00f3wno rz\u0105dy, jak i przedsi\u0119biorstwa musz\u0105 przeznacza\u0107 wi\u0119cej zasob\u00f3w na realizacj\u0119 Cel\u00f3w Zr\u00f3wnowa\u017conego Rozwoju (SDGs).\u201d<\/span><span data-ccp-props=\"{}\">\u00a0<\/span><\/li><\/ul><p><span data-contrast=\"auto\">Dzi\u0119kujemy za okazj\u0119 do spotkania i wielu ciekawych rozm\u00f3w o przysz\u0142o\u015bci zr\u00f3wnowa\u017conego biznesu \ud83d\udc9a<\/span><span data-ccp-props=\"{}\">\u00a0<\/span><\/p><p><img loading=\"lazy\" decoding=\"async\" class=\"alignnone size-large wp-image-5320\" src=\"https:\/\/materiality.pl\/wp-content\/uploads\/55040948784_f31fea6895_o-1024x683.webp\" alt=\"Kamil Wyszkowski przemawiaj\u0105cy na spotkaniu Komitetu Steruj\u0105cego Program\u00f3w UN Global Compact Network Poland\" width=\"800\" height=\"534\" srcset=\"https:\/\/materiality.pl\/wp-content\/uploads\/55040948784_f31fea6895_o-1024x683.webp 1024w, https:\/\/materiality.pl\/wp-content\/uploads\/55040948784_f31fea6895_o-300x200.webp 300w, https:\/\/materiality.pl\/wp-content\/uploads\/55040948784_f31fea6895_o-768x512.webp 768w, https:\/\/materiality.pl\/wp-content\/uploads\/55040948784_f31fea6895_o-1536x1024.webp 1536w, https:\/\/materiality.pl\/wp-content\/uploads\/55040948784_f31fea6895_o-2048x1365.webp 2048w, https:\/\/materiality.pl\/wp-content\/uploads\/55040948784_f31fea6895_o-18x12.webp 18w\" sizes=\"auto, (max-width: 800px) 100vw, 800px\" \/> <img loading=\"lazy\" decoding=\"async\" class=\"alignnone size-large wp-image-5321\" src=\"https:\/\/materiality.pl\/wp-content\/uploads\/55039787257_4caec0ef8a_o-1024x683.webp\" alt=\"Justyna i Piotr Biernaccy po\u015br\u00f3d s\u0142uchaczy na spotkaniu Komitetu Steruj\u0105cego Program\u00f3w UN Global Compact Network Poland\" width=\"800\" height=\"534\" srcset=\"https:\/\/materiality.pl\/wp-content\/uploads\/55039787257_4caec0ef8a_o-1024x683.webp 1024w, https:\/\/materiality.pl\/wp-content\/uploads\/55039787257_4caec0ef8a_o-300x200.webp 300w, https:\/\/materiality.pl\/wp-content\/uploads\/55039787257_4caec0ef8a_o-768x512.webp 768w, https:\/\/materiality.pl\/wp-content\/uploads\/55039787257_4caec0ef8a_o-1536x1024.webp 1536w, https:\/\/materiality.pl\/wp-content\/uploads\/55039787257_4caec0ef8a_o-2048x1365.webp 2048w, https:\/\/materiality.pl\/wp-content\/uploads\/55039787257_4caec0ef8a_o-18x12.webp 18w\" sizes=\"auto, (max-width: 800px) 100vw, 800px\" \/> <img loading=\"lazy\" decoding=\"async\" class=\"alignnone size-large wp-image-5322\" src=\"https:\/\/materiality.pl\/wp-content\/uploads\/55040949864_f656da9a37_o-1024x668.webp\" alt=\"\" width=\"800\" height=\"522\" srcset=\"https:\/\/materiality.pl\/wp-content\/uploads\/55040949864_f656da9a37_o-1024x668.webp 1024w, https:\/\/materiality.pl\/wp-content\/uploads\/55040949864_f656da9a37_o-300x196.webp 300w, https:\/\/materiality.pl\/wp-content\/uploads\/55040949864_f656da9a37_o-768x501.webp 768w, https:\/\/materiality.pl\/wp-content\/uploads\/55040949864_f656da9a37_o-1536x1002.webp 1536w, https:\/\/materiality.pl\/wp-content\/uploads\/55040949864_f656da9a37_o-2048x1336.webp 2048w, https:\/\/materiality.pl\/wp-content\/uploads\/55040949864_f656da9a37_o-18x12.webp 18w\" sizes=\"auto, (max-width: 800px) 100vw, 800px\" \/><\/p>\t\t\t\t\t\t\t\t<\/div>\n\t\t\t\t\t<\/div>\n\t\t\t\t<\/div>\n\t\t\t\t<\/div>\n\t\t","protected":false},"excerpt":{"rendered":"<p>On January thirteenth, Justyna Biernacka and Piotr Biernacki participated in a meeting of the Steering Committee of programs implemented by the UN Global Compact Network Poland.  <\/p>","protected":false},"author":3,"featured_media":0,"comment_status":"closed","ping_status":"closed","sticky":false,"template":"","format":"standard","meta":{"_monsterinsights_skip_tracking":false,"_monsterinsights_sitenote_active":false,"_monsterinsights_sitenote_note":"","_monsterinsights_sitenote_category":0,"footnotes":""},"categories":[24],"tags":[],"class_list":["post-5317","post","type-post","status-publish","format-standard","hentry","category-aktualnosci"],"yoast_head":"<!-- This site is optimized with the Yoast SEO plugin v27.5 - https:\/\/yoast.com\/product\/yoast-seo-wordpress\/ -->\n<title>MATERIALITY na spotkaniu UNGC &#8226; MATERIALITY<\/title>\n<meta name=\"robots\" content=\"index, follow, max-snippet:-1, max-image-preview:large, max-video-preview:-1\" \/>\n<link rel=\"canonical\" href=\"https:\/\/materiality.pl\/en\/knowledge-and-practice\/materiality-at-ungc-meeting\/\" \/>\n<meta property=\"og:locale\" content=\"en_US\" \/>\n<meta property=\"og:type\" content=\"article\" \/>\n<meta property=\"og:title\" content=\"MATERIALITY na spotkaniu UNGC &#8226; MATERIALITY\" \/>\n<meta property=\"og:description\" content=\"Trzynastego stycznia Justyna Biernacka i Piotr Biernacki uczestniczyli w spotkaniu Komitetu Steruj\u0105cego Program\u00f3w realizowanych przez UN Global Compact Network Poland.\" \/>\n<meta property=\"og:url\" content=\"https:\/\/materiality.pl\/en\/knowledge-and-practice\/materiality-at-ungc-meeting\/\" \/>\n<meta property=\"og:site_name\" content=\"MATERIALITY\" \/>\n<meta property=\"article:publisher\" content=\"https:\/\/www.facebook.com\/materialitypl\/\" \/>\n<meta property=\"article:published_time\" content=\"2026-01-27T13:06:56+00:00\" \/>\n<meta property=\"article:modified_time\" content=\"2026-01-27T13:14:18+00:00\" \/>\n<meta property=\"og:image\" content=\"https:\/\/materiality.pl\/wp-content\/uploads\/55040948784_f31fea6895_o-scaled.webp\" \/>\n\t<meta property=\"og:image:width\" content=\"2560\" \/>\n\t<meta property=\"og:image:height\" content=\"1707\" \/>\n\t<meta property=\"og:image:type\" content=\"image\/webp\" \/>\n<meta name=\"author\" content=\"@dm1n-@l1cjA\" \/>\n<script type=\"application\/ld+json\" class=\"yoast-schema-graph\">{\"@context\":\"https:\\\/\\\/schema.org\",\"@graph\":[{\"@type\":\"Article\",\"@id\":\"https:\\\/\\\/materiality.pl\\\/wiedza-i-praktyka\\\/materiality-na-spotkaniu-ungc\\\/#article\",\"isPartOf\":{\"@id\":\"https:\\\/\\\/materiality.pl\\\/wiedza-i-praktyka\\\/materiality-na-spotkaniu-ungc\\\/\"},\"author\":{\"name\":\"@dm1n-@l1cjA\",\"@id\":\"https:\\\/\\\/materiality.pl\\\/#\\\/schema\\\/person\\\/46170ac12df06c9695594ef9a5501109\"},\"headline\":\"MATERIALITY na spotkaniu UNGC\",\"datePublished\":\"2026-01-27T13:06:56+00:00\",\"dateModified\":\"2026-01-27T13:14:18+00:00\",\"mainEntityOfPage\":{\"@id\":\"https:\\\/\\\/materiality.pl\\\/wiedza-i-praktyka\\\/materiality-na-spotkaniu-ungc\\\/\"},\"wordCount\":167,\"publisher\":{\"@id\":\"https:\\\/\\\/materiality.pl\\\/#organization\"},\"image\":{\"@id\":\"https:\\\/\\\/materiality.pl\\\/wiedza-i-praktyka\\\/materiality-na-spotkaniu-ungc\\\/#primaryimage\"},\"thumbnailUrl\":\"https:\\\/\\\/materiality.pl\\\/wp-content\\\/uploads\\\/55040948784_f31fea6895_o-1024x683.webp\",\"articleSection\":[\"Aktualno\u015bci\"],\"inLanguage\":\"en-US\"},{\"@type\":\"WebPage\",\"@id\":\"https:\\\/\\\/materiality.pl\\\/wiedza-i-praktyka\\\/materiality-na-spotkaniu-ungc\\\/\",\"url\":\"https:\\\/\\\/materiality.pl\\\/wiedza-i-praktyka\\\/materiality-na-spotkaniu-ungc\\\/\",\"name\":\"MATERIALITY na spotkaniu UNGC &#8226; MATERIALITY\",\"isPartOf\":{\"@id\":\"https:\\\/\\\/materiality.pl\\\/#website\"},\"primaryImageOfPage\":{\"@id\":\"https:\\\/\\\/materiality.pl\\\/wiedza-i-praktyka\\\/materiality-na-spotkaniu-ungc\\\/#primaryimage\"},\"image\":{\"@id\":\"https:\\\/\\\/materiality.pl\\\/wiedza-i-praktyka\\\/materiality-na-spotkaniu-ungc\\\/#primaryimage\"},\"thumbnailUrl\":\"https:\\\/\\\/materiality.pl\\\/wp-content\\\/uploads\\\/55040948784_f31fea6895_o-1024x683.webp\",\"datePublished\":\"2026-01-27T13:06:56+00:00\",\"dateModified\":\"2026-01-27T13:14:18+00:00\",\"breadcrumb\":{\"@id\":\"https:\\\/\\\/materiality.pl\\\/wiedza-i-praktyka\\\/materiality-na-spotkaniu-ungc\\\/#breadcrumb\"},\"inLanguage\":\"en-US\",\"potentialAction\":[{\"@type\":\"ReadAction\",\"target\":[\"https:\\\/\\\/materiality.pl\\\/wiedza-i-praktyka\\\/materiality-na-spotkaniu-ungc\\\/\"]}]},{\"@type\":\"ImageObject\",\"inLanguage\":\"en-US\",\"@id\":\"https:\\\/\\\/materiality.pl\\\/wiedza-i-praktyka\\\/materiality-na-spotkaniu-ungc\\\/#primaryimage\",\"url\":\"https:\\\/\\\/materiality.pl\\\/wp-content\\\/uploads\\\/55040948784_f31fea6895_o-1024x683.webp\",\"contentUrl\":\"https:\\\/\\\/materiality.pl\\\/wp-content\\\/uploads\\\/55040948784_f31fea6895_o-1024x683.webp\"},{\"@type\":\"BreadcrumbList\",\"@id\":\"https:\\\/\\\/materiality.pl\\\/wiedza-i-praktyka\\\/materiality-na-spotkaniu-ungc\\\/#breadcrumb\",\"itemListElement\":[{\"@type\":\"ListItem\",\"position\":1,\"name\":\"Home\",\"item\":\"https:\\\/\\\/materiality.pl\\\/\"},{\"@type\":\"ListItem\",\"position\":2,\"name\":\"MATERIALITY na spotkaniu UNGC\"}]},{\"@type\":\"WebSite\",\"@id\":\"https:\\\/\\\/materiality.pl\\\/#website\",\"url\":\"https:\\\/\\\/materiality.pl\\\/\",\"name\":\"MATERIALITY\",\"description\":\"Sustainability Pathfinders\",\"publisher\":{\"@id\":\"https:\\\/\\\/materiality.pl\\\/#organization\"},\"alternateName\":\"MATERIALITY\",\"potentialAction\":[{\"@type\":\"SearchAction\",\"target\":{\"@type\":\"EntryPoint\",\"urlTemplate\":\"https:\\\/\\\/materiality.pl\\\/?s={search_term_string}\"},\"query-input\":{\"@type\":\"PropertyValueSpecification\",\"valueRequired\":true,\"valueName\":\"search_term_string\"}}],\"inLanguage\":\"en-US\"},{\"@type\":\"Organization\",\"@id\":\"https:\\\/\\\/materiality.pl\\\/#organization\",\"name\":\"MATERIALITY\",\"alternateName\":\"Materiality\",\"url\":\"https:\\\/\\\/materiality.pl\\\/\",\"logo\":{\"@type\":\"ImageObject\",\"inLanguage\":\"en-US\",\"@id\":\"https:\\\/\\\/materiality.pl\\\/#\\\/schema\\\/logo\\\/image\\\/\",\"url\":\"https:\\\/\\\/materiality.pl\\\/wp-content\\\/uploads\\\/cropped-favicon-materiality.webp\",\"contentUrl\":\"https:\\\/\\\/materiality.pl\\\/wp-content\\\/uploads\\\/cropped-favicon-materiality.webp\",\"width\":512,\"height\":512,\"caption\":\"MATERIALITY\"},\"image\":{\"@id\":\"https:\\\/\\\/materiality.pl\\\/#\\\/schema\\\/logo\\\/image\\\/\"},\"sameAs\":[\"https:\\\/\\\/www.facebook.com\\\/materialitypl\\\/\",\"https:\\\/\\\/www.linkedin.com\\\/company\\\/materialitypl\\\/\"]},{\"@type\":\"Person\",\"@id\":\"https:\\\/\\\/materiality.pl\\\/#\\\/schema\\\/person\\\/46170ac12df06c9695594ef9a5501109\",\"name\":\"@dm1n-@l1cjA\",\"image\":{\"@type\":\"ImageObject\",\"inLanguage\":\"en-US\",\"@id\":\"https:\\\/\\\/secure.gravatar.com\\\/avatar\\\/55f1a521e441dc54a2006ab4ceb58962684afcd91dcae9133df017ecc1b65586?s=96&d=mm&r=g\",\"url\":\"https:\\\/\\\/secure.gravatar.com\\\/avatar\\\/55f1a521e441dc54a2006ab4ceb58962684afcd91dcae9133df017ecc1b65586?s=96&d=mm&r=g\",\"contentUrl\":\"https:\\\/\\\/secure.gravatar.com\\\/avatar\\\/55f1a521e441dc54a2006ab4ceb58962684afcd91dcae9133df017ecc1b65586?s=96&d=mm&r=g\",\"caption\":\"@dm1n-@l1cjA\"}}]}<\/script>\n<!-- \/ Yoast SEO plugin. -->","yoast_head_json":{"title":"MATERIALITY at UNGC meeting - MATERIALITY","robots":{"index":"index","follow":"follow","max-snippet":"max-snippet:-1","max-image-preview":"max-image-preview:large","max-video-preview":"max-video-preview:-1"},"canonical":"https:\/\/materiality.pl\/en\/knowledge-and-practice\/materiality-at-ungc-meeting\/","og_locale":"en_US","og_type":"article","og_title":"MATERIALITY na spotkaniu UNGC &#8226; MATERIALITY","og_description":"Trzynastego stycznia Justyna Biernacka i Piotr Biernacki uczestniczyli w spotkaniu Komitetu Steruj\u0105cego Program\u00f3w realizowanych przez UN Global Compact Network Poland.","og_url":"https:\/\/materiality.pl\/en\/knowledge-and-practice\/materiality-at-ungc-meeting\/","og_site_name":"MATERIALITY","article_publisher":"https:\/\/www.facebook.com\/materialitypl\/","article_published_time":"2026-01-27T13:06:56+00:00","article_modified_time":"2026-01-27T13:14:18+00:00","og_image":[{"width":2560,"height":1707,"url":"https:\/\/materiality.pl\/wp-content\/uploads\/55040948784_f31fea6895_o-scaled.webp","type":"image\/webp"}],"author":"@dm1n-@l1cjA","schema":{"@context":"https:\/\/schema.org","@graph":[{"@type":"Article","@id":"https:\/\/materiality.pl\/wiedza-i-praktyka\/materiality-na-spotkaniu-ungc\/#article","isPartOf":{"@id":"https:\/\/materiality.pl\/wiedza-i-praktyka\/materiality-na-spotkaniu-ungc\/"},"author":{"name":"@dm1n-@l1cjA","@id":"https:\/\/materiality.pl\/#\/schema\/person\/46170ac12df06c9695594ef9a5501109"},"headline":"MATERIALITY na spotkaniu UNGC","datePublished":"2026-01-27T13:06:56+00:00","dateModified":"2026-01-27T13:14:18+00:00","mainEntityOfPage":{"@id":"https:\/\/materiality.pl\/wiedza-i-praktyka\/materiality-na-spotkaniu-ungc\/"},"wordCount":167,"publisher":{"@id":"https:\/\/materiality.pl\/#organization"},"image":{"@id":"https:\/\/materiality.pl\/wiedza-i-praktyka\/materiality-na-spotkaniu-ungc\/#primaryimage"},"thumbnailUrl":"https:\/\/materiality.pl\/wp-content\/uploads\/55040948784_f31fea6895_o-1024x683.webp","articleSection":["Aktualno\u015bci"],"inLanguage":"en-US"},{"@type":"WebPage","@id":"https:\/\/materiality.pl\/wiedza-i-praktyka\/materiality-na-spotkaniu-ungc\/","url":"https:\/\/materiality.pl\/wiedza-i-praktyka\/materiality-na-spotkaniu-ungc\/","name":"MATERIALITY at UNGC meeting - MATERIALITY","isPartOf":{"@id":"https:\/\/materiality.pl\/#website"},"primaryImageOfPage":{"@id":"https:\/\/materiality.pl\/wiedza-i-praktyka\/materiality-na-spotkaniu-ungc\/#primaryimage"},"image":{"@id":"https:\/\/materiality.pl\/wiedza-i-praktyka\/materiality-na-spotkaniu-ungc\/#primaryimage"},"thumbnailUrl":"https:\/\/materiality.pl\/wp-content\/uploads\/55040948784_f31fea6895_o-1024x683.webp","datePublished":"2026-01-27T13:06:56+00:00","dateModified":"2026-01-27T13:14:18+00:00","breadcrumb":{"@id":"https:\/\/materiality.pl\/wiedza-i-praktyka\/materiality-na-spotkaniu-ungc\/#breadcrumb"},"inLanguage":"en-US","potentialAction":[{"@type":"ReadAction","target":["https:\/\/materiality.pl\/wiedza-i-praktyka\/materiality-na-spotkaniu-ungc\/"]}]},{"@type":"ImageObject","inLanguage":"en-US","@id":"https:\/\/materiality.pl\/wiedza-i-praktyka\/materiality-na-spotkaniu-ungc\/#primaryimage","url":"https:\/\/materiality.pl\/wp-content\/uploads\/55040948784_f31fea6895_o-1024x683.webp","contentUrl":"https:\/\/materiality.pl\/wp-content\/uploads\/55040948784_f31fea6895_o-1024x683.webp"},{"@type":"BreadcrumbList","@id":"https:\/\/materiality.pl\/wiedza-i-praktyka\/materiality-na-spotkaniu-ungc\/#breadcrumb","itemListElement":[{"@type":"ListItem","position":1,"name":"Home","item":"https:\/\/materiality.pl\/"},{"@type":"ListItem","position":2,"name":"MATERIALITY na spotkaniu UNGC"}]},{"@type":"WebSite","@id":"https:\/\/materiality.pl\/#website","url":"https:\/\/materiality.pl\/","name":"MATERIALITY","description":"Sustainability Pathfinders","publisher":{"@id":"https:\/\/materiality.pl\/#organization"},"alternateName":"MATERIALITY","potentialAction":[{"@type":"SearchAction","target":{"@type":"EntryPoint","urlTemplate":"https:\/\/materiality.pl\/?s={search_term_string}"},"query-input":{"@type":"PropertyValueSpecification","valueRequired":true,"valueName":"search_term_string"}}],"inLanguage":"en-US"},{"@type":"Organization","@id":"https:\/\/materiality.pl\/#organization","name":"MATERIALITY","alternateName":"Materiality","url":"https:\/\/materiality.pl\/","logo":{"@type":"ImageObject","inLanguage":"en-US","@id":"https:\/\/materiality.pl\/#\/schema\/logo\/image\/","url":"https:\/\/materiality.pl\/wp-content\/uploads\/cropped-favicon-materiality.webp","contentUrl":"https:\/\/materiality.pl\/wp-content\/uploads\/cropped-favicon-materiality.webp","width":512,"height":512,"caption":"MATERIALITY"},"image":{"@id":"https:\/\/materiality.pl\/#\/schema\/logo\/image\/"},"sameAs":["https:\/\/www.facebook.com\/materialitypl\/","https:\/\/www.linkedin.com\/company\/materialitypl\/"]},{"@type":"Person","@id":"https:\/\/materiality.pl\/#\/schema\/person\/46170ac12df06c9695594ef9a5501109","name":"@dm1n-@l1cjA","image":{"@type":"ImageObject","inLanguage":"en-US","@id":"https:\/\/secure.gravatar.com\/avatar\/55f1a521e441dc54a2006ab4ceb58962684afcd91dcae9133df017ecc1b65586?s=96&d=mm&r=g","url":"https:\/\/secure.gravatar.com\/avatar\/55f1a521e441dc54a2006ab4ceb58962684afcd91dcae9133df017ecc1b65586?s=96&d=mm&r=g","contentUrl":"https:\/\/secure.gravatar.com\/avatar\/55f1a521e441dc54a2006ab4ceb58962684afcd91dcae9133df017ecc1b65586?s=96&d=mm&r=g","caption":"@dm1n-@l1cjA"}}]}},"_links":{"self":[{"href":"https:\/\/materiality.pl\/en\/wp-json\/wp\/v2\/posts\/5317","targetHints":{"allow":["GET"]}}],"collection":[{"href":"https:\/\/materiality.pl\/en\/wp-json\/wp\/v2\/posts"}],"about":[{"href":"https:\/\/materiality.pl\/en\/wp-json\/wp\/v2\/types\/post"}],"author":[{"embeddable":true,"href":"https:\/\/materiality.pl\/en\/wp-json\/wp\/v2\/users\/3"}],"replies":[{"embeddable":true,"href":"https:\/\/materiality.pl\/en\/wp-json\/wp\/v2\/comments?post=5317"}],"version-history":[{"count":5,"href":"https:\/\/materiality.pl\/en\/wp-json\/wp\/v2\/posts\/5317\/revisions"}],"predecessor-version":[{"id":5325,"href":"https:\/\/materiality.pl\/en\/wp-json\/wp\/v2\/posts\/5317\/revisions\/5325"}],"wp:attachment":[{"href":"https:\/\/materiality.pl\/en\/wp-json\/wp\/v2\/media?parent=5317"}],"wp:term":[{"taxonomy":"category","embeddable":true,"href":"https:\/\/materiality.pl\/en\/wp-json\/wp\/v2\/categories?post=5317"},{"taxonomy":"post_tag","embeddable":true,"href":"https:\/\/materiality.pl\/en\/wp-json\/wp\/v2\/tags?post=5317"}],"curies":[{"name":"wp","href":"https:\/\/api.w.org\/{rel}","templated":true}]}}