{"id":5982,"date":"2026-04-24T13:48:25","date_gmt":"2026-04-24T11:48:25","guid":{"rendered":"https:\/\/materiality.pl\/?p=5982"},"modified":"2026-04-27T11:48:27","modified_gmt":"2026-04-27T09:48:27","slug":"jak-efrag-pomaga-spolkom","status":"publish","type":"post","link":"https:\/\/materiality.pl\/en\/wiedza-i-praktyka\/jak-efrag-pomaga-spolkom\/","title":{"rendered":"How does EFRAG help companies?"},"content":{"rendered":"<div data-elementor-type=\"wp-post\" data-elementor-id=\"5982\" class=\"elementor elementor-5982\" data-elementor-post-type=\"post\">\n\t\t\t\t<div class=\"elementor-element elementor-element-ccfdf00 e-flex e-con-boxed e-con e-parent\" data-id=\"ccfdf00\" data-element_type=\"container\" data-e-type=\"container\">\n\t\t\t\t\t<div class=\"e-con-inner\">\n\t\t\t\t<div class=\"elementor-element elementor-element-d1fac0f elementor-widget elementor-widget-text-editor\" data-id=\"d1fac0f\" data-element_type=\"widget\" data-e-type=\"widget\" data-widget_type=\"text-editor.default\">\n\t\t\t\t\t\t\t\t\t<p style=\"font-weight: 400;\">W ostatnich kilku latach EFRAG na zmian\u0119 koncentrowa\u0142 si\u0119 na tworzeniu standard\u00f3w i wsparciu wdro\u017ceniowym: 2021-2023 to prace nad pierwszym zestawem ESRS-\u00f3w, rok 2024 to trzy zestawy wytycznych wdro\u017ceniowych i uruchomienie systemu Q&amp;A (r\u00f3wnolegle ko\u0144czy\u0142y si\u0119 prace nad standardami dla M\u015aP i sp\u00f3\u0142ek pozaeuropejskich, ale nie zajmowa\u0142o to zbyt du\u017co czasu). W ubieg\u0142ym roku jedynym priorytetem by\u0142o uproszczenie ESRS-\u00f3w. A zatem w 2026 roku EFRAG mo\u017ce wreszcie zaj\u0105\u0107 si\u0119 rozbudow\u0105 systemu wsparcia wdro\u017ceniowego.<\/p><p style=\"font-weight: 400;\">O tym, jak b\u0119dzie on funkcjonowa\u0142, zadecyduje Sustainability Reporting Board, ale najpierw projekt planu dzia\u0142a\u0144 wspieraj\u0105cych stosowanie standard\u00f3w b\u0119dzie poddany publicznym konsultacjom \u2013 zaplanowane one zostan\u0105 na lato 2026 r. Pierwsze prace nad projektem ju\u017c si\u0119 tocz\u0105, zajmuje si\u0119 nimi specjalna grupa robocza wy\u0142oniona w ramach EFRAG\u2019u.<\/p><p style=\"font-weight: 400;\">Mia\u0142em przyjemno\u015b\u0107 zorganizowa\u0107 31 marca 2026 r. spotkanie Laurence Rivat, cz\u0142onkini SR Board i szefowej tej grupy z przedstawicielami blisko dwudziestu polskich sp\u00f3\u0142ek reprezentowanych przez osoby odpowiedzialne za sprawozdawczo\u015b\u0107 zr\u00f3wnowa\u017conego rozwoju. By\u0142a to okazja do bezpo\u015bredniego przekazania EFRAG\u2019owi oczekiwa\u0144 sp\u00f3\u0142ek w stosunku do systemu wsparcia. Wiele os\u00f3b zg\u0142asza\u0142o sp\u00f3jne propozycje:<\/p><ul><li>Materia\u0142y tworzone przez EFRAG powinny prostym j\u0119zykiem t\u0142umaczy\u0107 wymogi standard\u00f3w.<\/li><li>Wa\u017cne s\u0105 przyk\u0142ady, a najlepiej je\u015bli pochodzi\u0142yby one z faktycznych raport\u00f3w sp\u00f3\u0142ek.<\/li><li>Cho\u0107 wi\u0119kszo\u015b\u0107 ekspert\u00f3w od sprawozdawczo\u015bci biegle pos\u0142uguje si\u0119 j\u0119zykiem angielskim, to wa\u017cne, \u017ceby materia\u0142y by\u0142y dost\u0119pne te\u017c po polsku i w innych j\u0119zykach, \u017ceby mog\u0142y by\u0107 wykorzystywane wewn\u0105trz grup kapita\u0142owych.<\/li><li>Je\u015bli EFRAG og\u0142asza publiczne konsultacje jakich\u015b materia\u0142\u00f3w, to powinno si\u0119 to odbywa\u0107 w okresach wygodnych dla sp\u00f3\u0142ek, czyli z pomini\u0119ciem okres\u00f3w sprawozdawczo\u015bci.<\/li><li>Odpowiedzi na pytania sp\u00f3\u0142ek powinny by\u0107 publikowane szybko, najlepiej nie p\u00f3\u017aniej ni\u017c w ci\u0105gu 2-4 tygodni. Ponadto od pa\u017adziernika do marca powinien by\u0107 okres moratorium na przedstawianie wyja\u015bnie\u0144 do standard\u00f3w, bo je\u015bli na tydzie\u0144 lub dwa przed terminem zatwierdzenia raportu pojawi si\u0119 dodatkowa interpretacja, to ani sp\u00f3\u0142ki, ani audytorzy nie b\u0119d\u0105 mieli czasu, \u017ceby wzi\u0105\u0107 j\u0105 pod uwag\u0119.<\/li><\/ul><p style=\"font-weight: 400;\">Poza tym uczestnicy spotkania zg\u0142osili szereg innowacyjnych pomys\u0142\u00f3w, jak EFRAG m\u00f3g\u0142by jeszcze u\u0142atwi\u0107 sp\u00f3\u0142kom stosowanie standard\u00f3w. Jednym z nich by\u0142o uruchomienie help desku, na przyk\u0142ad w formie infolinii, pod kt\u00f3r\u0105 przedstawiciele sp\u00f3\u0142ek mogliby upewnia\u0107 si\u0119 co do rozumienia okre\u015blonych zapis\u00f3w standard\u00f3w.<\/p><p style=\"font-weight: 400;\">Czy SR Board we\u017amie pod uwag\u0119 te wnioski i propozycje? Pewnie nie wszystkie oczekiwania zostan\u0105 spe\u0142nione, ale ju\u017c po spotkaniu Laurence zapewni\u0142a mnie, \u017ce g\u0142os polskich sp\u00f3\u0142ek by\u0142 jednym z najciekawszych w serii spotka\u0144, kt\u00f3re odby\u0142a w ostatnich tygodniach. Przede wszystkim by\u0142 on z kraju spoza tradycyjnego grona bior\u0105cego udzia\u0142 we wszystkich konsultacjach (Francja, Niemcy, W\u0142ochy, Beneluks i kraje nordyckie). Po drugie wskaza\u0142a, \u017ce przedstawiciele polskich sp\u00f3\u0142ek w najwi\u0119kszym stopniu m\u00f3wili o swoich codziennych wyzwaniach w implementacji standard\u00f3w, wszystkie wypowiedzi by\u0142y skoncentrowane na praktyce, a nie na teorii.<\/p><p style=\"font-weight: 400;\">Ja z kolei zamierzam dba\u0107 o to, \u017ceby jak najwi\u0119cej postulat\u00f3w polskich sp\u00f3\u0142ek trafi\u0142o do planu prac wdro\u017ceniowych EFRAG\u2019u. A p\u00f3\u017aniej \u2013 latem \u2013 przyjdzie czas na publiczne konsultacje projektu i wtedy b\u0119d\u0119 Was wszystkich namawia\u0142 do aktywnego w nich uczestnictwa \ud83d\ude0a<\/p>\t\t\t\t\t\t\t\t<\/div>\n\t\t\t\t\t<\/div>\n\t\t\t\t<\/div>\n\t\t\t\t<\/div>","protected":false},"excerpt":{"rendered":"<p>EFRAG zajmuje si\u0119 nie tylko tworzeniem projekt\u00f3w standard\u00f3w sprawozdawczo\u015bci. Du\u017c\u0105 cz\u0119\u015b\u0107 jego dzia\u0142a\u0144 stanowi wspieranie sp\u00f3\u0142ek we wdra\u017caniu obowi\u0105zuj\u0105cych zasad raportowania. W 2024 roku przyj\u0119\u0142o to posta\u0107 Wytycznych Wdro\u017ceniowych i systemu Q&#038;A. A co EFRAG robi teraz? I jak b\u0119dzie wygl\u0105da\u0142 system wsparcia dla sp\u00f3\u0142ek w kolejnych latach?<\/p>","protected":false},"author":7,"featured_media":0,"comment_status":"closed","ping_status":"closed","sticky":false,"template":"","format":"standard","meta":{"_monsterinsights_skip_tracking":false,"_monsterinsights_sitenote_active":false,"_monsterinsights_sitenote_note":"","_monsterinsights_sitenote_category":0,"footnotes":""},"categories":[13],"tags":[38,10],"class_list":["post-5982","post","type-post","status-publish","format-standard","hentry","category-newsletter-piotra-biernackiego","tag-omnibus","tag-taksonomia-ue"],"yoast_head":"<!-- This site is optimized with the Yoast SEO plugin v27.5 - https:\/\/yoast.com\/product\/yoast-seo-wordpress\/ -->\n<title>Jak EFRAG pomaga sp\u00f3\u0142kom? &#8226; MATERIALITY<\/title>\n<meta name=\"robots\" content=\"index, follow, max-snippet:-1, max-image-preview:large, max-video-preview:-1\" \/>\n<link rel=\"canonical\" href=\"https:\/\/materiality.pl\/en\/knowledge-and-practice\/jak-efrag-pomaga-spolkom\/\" \/>\n<meta property=\"og:locale\" content=\"en_US\" \/>\n<meta property=\"og:type\" content=\"article\" \/>\n<meta property=\"og:title\" content=\"Jak EFRAG pomaga sp\u00f3\u0142kom? &#8226; MATERIALITY\" \/>\n<meta property=\"og:description\" content=\"EFRAG zajmuje si\u0119 nie tylko tworzeniem projekt\u00f3w standard\u00f3w sprawozdawczo\u015bci. Du\u017c\u0105 cz\u0119\u015b\u0107 jego dzia\u0142a\u0144 stanowi wspieranie sp\u00f3\u0142ek we wdra\u017caniu obowi\u0105zuj\u0105cych zasad raportowania. W 2024 roku przyj\u0119\u0142o to posta\u0107 Wytycznych Wdro\u017ceniowych i systemu Q&amp;A. A co EFRAG robi teraz? I jak b\u0119dzie wygl\u0105da\u0142 system wsparcia dla sp\u00f3\u0142ek w kolejnych latach?\" \/>\n<meta property=\"og:url\" content=\"https:\/\/materiality.pl\/en\/knowledge-and-practice\/jak-efrag-pomaga-spolkom\/\" \/>\n<meta property=\"og:site_name\" content=\"MATERIALITY\" \/>\n<meta property=\"article:publisher\" content=\"https:\/\/www.facebook.com\/materialitypl\/\" \/>\n<meta property=\"article:published_time\" content=\"2026-04-24T11:48:25+00:00\" \/>\n<meta property=\"article:modified_time\" content=\"2026-04-27T09:48:27+00:00\" \/>\n<meta property=\"og:image\" content=\"https:\/\/materiality.pl\/wp-content\/uploads\/kontakt-hero.webp\" \/>\n\t<meta property=\"og:image:width\" content=\"2112\" \/>\n\t<meta property=\"og:image:height\" content=\"1110\" \/>\n\t<meta property=\"og:image:type\" content=\"image\/webp\" \/>\n<meta name=\"author\" content=\"@dm1n-Edyt@\" \/>\n<script type=\"application\/ld+json\" class=\"yoast-schema-graph\">{\"@context\":\"https:\\\/\\\/schema.org\",\"@graph\":[{\"@type\":\"Article\",\"@id\":\"https:\\\/\\\/materiality.pl\\\/wiedza-i-praktyka\\\/jak-efrag-pomaga-spolkom\\\/#article\",\"isPartOf\":{\"@id\":\"https:\\\/\\\/materiality.pl\\\/wiedza-i-praktyka\\\/jak-efrag-pomaga-spolkom\\\/\"},\"author\":{\"name\":\"@dm1n-Edyt@\",\"@id\":\"https:\\\/\\\/materiality.pl\\\/#\\\/schema\\\/person\\\/890a0db6935a0ac1fb8d7cfd7a0a0afc\"},\"headline\":\"Jak EFRAG pomaga sp\u00f3\u0142kom?\",\"datePublished\":\"2026-04-24T11:48:25+00:00\",\"dateModified\":\"2026-04-27T09:48:27+00:00\",\"mainEntityOfPage\":{\"@id\":\"https:\\\/\\\/materiality.pl\\\/wiedza-i-praktyka\\\/jak-efrag-pomaga-spolkom\\\/\"},\"wordCount\":583,\"publisher\":{\"@id\":\"https:\\\/\\\/materiality.pl\\\/#organization\"},\"keywords\":[\"Omnibus\",\"Taksonomia UE\"],\"articleSection\":[\"Newsletter Piotra Biernackiego\"],\"inLanguage\":\"en-US\"},{\"@type\":\"WebPage\",\"@id\":\"https:\\\/\\\/materiality.pl\\\/wiedza-i-praktyka\\\/jak-efrag-pomaga-spolkom\\\/\",\"url\":\"https:\\\/\\\/materiality.pl\\\/wiedza-i-praktyka\\\/jak-efrag-pomaga-spolkom\\\/\",\"name\":\"Jak EFRAG pomaga sp\u00f3\u0142kom? &#8226; MATERIALITY\",\"isPartOf\":{\"@id\":\"https:\\\/\\\/materiality.pl\\\/#website\"},\"datePublished\":\"2026-04-24T11:48:25+00:00\",\"dateModified\":\"2026-04-27T09:48:27+00:00\",\"breadcrumb\":{\"@id\":\"https:\\\/\\\/materiality.pl\\\/wiedza-i-praktyka\\\/jak-efrag-pomaga-spolkom\\\/#breadcrumb\"},\"inLanguage\":\"en-US\",\"potentialAction\":[{\"@type\":\"ReadAction\",\"target\":[\"https:\\\/\\\/materiality.pl\\\/wiedza-i-praktyka\\\/jak-efrag-pomaga-spolkom\\\/\"]}]},{\"@type\":\"BreadcrumbList\",\"@id\":\"https:\\\/\\\/materiality.pl\\\/wiedza-i-praktyka\\\/jak-efrag-pomaga-spolkom\\\/#breadcrumb\",\"itemListElement\":[{\"@type\":\"ListItem\",\"position\":1,\"name\":\"Home\",\"item\":\"https:\\\/\\\/materiality.pl\\\/\"},{\"@type\":\"ListItem\",\"position\":2,\"name\":\"Jak EFRAG pomaga sp\u00f3\u0142kom?\"}]},{\"@type\":\"WebSite\",\"@id\":\"https:\\\/\\\/materiality.pl\\\/#website\",\"url\":\"https:\\\/\\\/materiality.pl\\\/\",\"name\":\"MATERIALITY\",\"description\":\"Sustainability Pathfinders\",\"publisher\":{\"@id\":\"https:\\\/\\\/materiality.pl\\\/#organization\"},\"alternateName\":\"MATERIALITY\",\"potentialAction\":[{\"@type\":\"SearchAction\",\"target\":{\"@type\":\"EntryPoint\",\"urlTemplate\":\"https:\\\/\\\/materiality.pl\\\/?s={search_term_string}\"},\"query-input\":{\"@type\":\"PropertyValueSpecification\",\"valueRequired\":true,\"valueName\":\"search_term_string\"}}],\"inLanguage\":\"en-US\"},{\"@type\":\"Organization\",\"@id\":\"https:\\\/\\\/materiality.pl\\\/#organization\",\"name\":\"MATERIALITY\",\"alternateName\":\"Materiality\",\"url\":\"https:\\\/\\\/materiality.pl\\\/\",\"logo\":{\"@type\":\"ImageObject\",\"inLanguage\":\"en-US\",\"@id\":\"https:\\\/\\\/materiality.pl\\\/#\\\/schema\\\/logo\\\/image\\\/\",\"url\":\"https:\\\/\\\/materiality.pl\\\/wp-content\\\/uploads\\\/cropped-favicon-materiality.webp\",\"contentUrl\":\"https:\\\/\\\/materiality.pl\\\/wp-content\\\/uploads\\\/cropped-favicon-materiality.webp\",\"width\":512,\"height\":512,\"caption\":\"MATERIALITY\"},\"image\":{\"@id\":\"https:\\\/\\\/materiality.pl\\\/#\\\/schema\\\/logo\\\/image\\\/\"},\"sameAs\":[\"https:\\\/\\\/www.facebook.com\\\/materialitypl\\\/\",\"https:\\\/\\\/www.linkedin.com\\\/company\\\/materialitypl\\\/\"]},{\"@type\":\"Person\",\"@id\":\"https:\\\/\\\/materiality.pl\\\/#\\\/schema\\\/person\\\/890a0db6935a0ac1fb8d7cfd7a0a0afc\",\"name\":\"@dm1n-Edyt@\",\"image\":{\"@type\":\"ImageObject\",\"inLanguage\":\"en-US\",\"@id\":\"https:\\\/\\\/secure.gravatar.com\\\/avatar\\\/e81837c7c7e0fc35584b2bfcd24d066bd2a93611d3c40454d07e29b860aea7da?s=96&d=mm&r=g\",\"url\":\"https:\\\/\\\/secure.gravatar.com\\\/avatar\\\/e81837c7c7e0fc35584b2bfcd24d066bd2a93611d3c40454d07e29b860aea7da?s=96&d=mm&r=g\",\"contentUrl\":\"https:\\\/\\\/secure.gravatar.com\\\/avatar\\\/e81837c7c7e0fc35584b2bfcd24d066bd2a93611d3c40454d07e29b860aea7da?s=96&d=mm&r=g\",\"caption\":\"@dm1n-Edyt@\"}}]}<\/script>\n<!-- \/ Yoast SEO plugin. -->","yoast_head_json":{"title":"Jak EFRAG pomaga sp\u00f3\u0142kom? &#8226; MATERIALITY","robots":{"index":"index","follow":"follow","max-snippet":"max-snippet:-1","max-image-preview":"max-image-preview:large","max-video-preview":"max-video-preview:-1"},"canonical":"https:\/\/materiality.pl\/en\/knowledge-and-practice\/jak-efrag-pomaga-spolkom\/","og_locale":"en_US","og_type":"article","og_title":"Jak EFRAG pomaga sp\u00f3\u0142kom? &#8226; MATERIALITY","og_description":"EFRAG zajmuje si\u0119 nie tylko tworzeniem projekt\u00f3w standard\u00f3w sprawozdawczo\u015bci. Du\u017c\u0105 cz\u0119\u015b\u0107 jego dzia\u0142a\u0144 stanowi wspieranie sp\u00f3\u0142ek we wdra\u017caniu obowi\u0105zuj\u0105cych zasad raportowania. W 2024 roku przyj\u0119\u0142o to posta\u0107 Wytycznych Wdro\u017ceniowych i systemu Q&A. A co EFRAG robi teraz? I jak b\u0119dzie wygl\u0105da\u0142 system wsparcia dla sp\u00f3\u0142ek w kolejnych latach?","og_url":"https:\/\/materiality.pl\/en\/knowledge-and-practice\/jak-efrag-pomaga-spolkom\/","og_site_name":"MATERIALITY","article_publisher":"https:\/\/www.facebook.com\/materialitypl\/","article_published_time":"2026-04-24T11:48:25+00:00","article_modified_time":"2026-04-27T09:48:27+00:00","og_image":[{"width":2112,"height":1110,"url":"https:\/\/materiality.pl\/wp-content\/uploads\/kontakt-hero.webp","type":"image\/webp"}],"author":"@dm1n-Edyt@","schema":{"@context":"https:\/\/schema.org","@graph":[{"@type":"Article","@id":"https:\/\/materiality.pl\/wiedza-i-praktyka\/jak-efrag-pomaga-spolkom\/#article","isPartOf":{"@id":"https:\/\/materiality.pl\/wiedza-i-praktyka\/jak-efrag-pomaga-spolkom\/"},"author":{"name":"@dm1n-Edyt@","@id":"https:\/\/materiality.pl\/#\/schema\/person\/890a0db6935a0ac1fb8d7cfd7a0a0afc"},"headline":"Jak EFRAG pomaga sp\u00f3\u0142kom?","datePublished":"2026-04-24T11:48:25+00:00","dateModified":"2026-04-27T09:48:27+00:00","mainEntityOfPage":{"@id":"https:\/\/materiality.pl\/wiedza-i-praktyka\/jak-efrag-pomaga-spolkom\/"},"wordCount":583,"publisher":{"@id":"https:\/\/materiality.pl\/#organization"},"keywords":["Omnibus","Taksonomia UE"],"articleSection":["Newsletter Piotra Biernackiego"],"inLanguage":"en-US"},{"@type":"WebPage","@id":"https:\/\/materiality.pl\/wiedza-i-praktyka\/jak-efrag-pomaga-spolkom\/","url":"https:\/\/materiality.pl\/wiedza-i-praktyka\/jak-efrag-pomaga-spolkom\/","name":"Jak EFRAG pomaga sp\u00f3\u0142kom? &#8226; MATERIALITY","isPartOf":{"@id":"https:\/\/materiality.pl\/#website"},"datePublished":"2026-04-24T11:48:25+00:00","dateModified":"2026-04-27T09:48:27+00:00","breadcrumb":{"@id":"https:\/\/materiality.pl\/wiedza-i-praktyka\/jak-efrag-pomaga-spolkom\/#breadcrumb"},"inLanguage":"en-US","potentialAction":[{"@type":"ReadAction","target":["https:\/\/materiality.pl\/wiedza-i-praktyka\/jak-efrag-pomaga-spolkom\/"]}]},{"@type":"BreadcrumbList","@id":"https:\/\/materiality.pl\/wiedza-i-praktyka\/jak-efrag-pomaga-spolkom\/#breadcrumb","itemListElement":[{"@type":"ListItem","position":1,"name":"Home","item":"https:\/\/materiality.pl\/"},{"@type":"ListItem","position":2,"name":"Jak EFRAG pomaga sp\u00f3\u0142kom?"}]},{"@type":"WebSite","@id":"https:\/\/materiality.pl\/#website","url":"https:\/\/materiality.pl\/","name":"MATERIALITY","description":"Sustainability Pathfinders","publisher":{"@id":"https:\/\/materiality.pl\/#organization"},"alternateName":"MATERIALITY","potentialAction":[{"@type":"SearchAction","target":{"@type":"EntryPoint","urlTemplate":"https:\/\/materiality.pl\/?s={search_term_string}"},"query-input":{"@type":"PropertyValueSpecification","valueRequired":true,"valueName":"search_term_string"}}],"inLanguage":"en-US"},{"@type":"Organization","@id":"https:\/\/materiality.pl\/#organization","name":"MATERIALITY","alternateName":"Materiality","url":"https:\/\/materiality.pl\/","logo":{"@type":"ImageObject","inLanguage":"en-US","@id":"https:\/\/materiality.pl\/#\/schema\/logo\/image\/","url":"https:\/\/materiality.pl\/wp-content\/uploads\/cropped-favicon-materiality.webp","contentUrl":"https:\/\/materiality.pl\/wp-content\/uploads\/cropped-favicon-materiality.webp","width":512,"height":512,"caption":"MATERIALITY"},"image":{"@id":"https:\/\/materiality.pl\/#\/schema\/logo\/image\/"},"sameAs":["https:\/\/www.facebook.com\/materialitypl\/","https:\/\/www.linkedin.com\/company\/materialitypl\/"]},{"@type":"Person","@id":"https:\/\/materiality.pl\/#\/schema\/person\/890a0db6935a0ac1fb8d7cfd7a0a0afc","name":"@dm1n-Edited@","image":{"@type":"ImageObject","inLanguage":"en-US","@id":"https:\/\/secure.gravatar.com\/avatar\/e81837c7c7e0fc35584b2bfcd24d066bd2a93611d3c40454d07e29b860aea7da?s=96&d=mm&r=g","url":"https:\/\/secure.gravatar.com\/avatar\/e81837c7c7e0fc35584b2bfcd24d066bd2a93611d3c40454d07e29b860aea7da?s=96&d=mm&r=g","contentUrl":"https:\/\/secure.gravatar.com\/avatar\/e81837c7c7e0fc35584b2bfcd24d066bd2a93611d3c40454d07e29b860aea7da?s=96&d=mm&r=g","caption":"@dm1n-Edyt@"}}]}},"_links":{"self":[{"href":"https:\/\/materiality.pl\/en\/wp-json\/wp\/v2\/posts\/5982","targetHints":{"allow":["GET"]}}],"collection":[{"href":"https:\/\/materiality.pl\/en\/wp-json\/wp\/v2\/posts"}],"about":[{"href":"https:\/\/materiality.pl\/en\/wp-json\/wp\/v2\/types\/post"}],"author":[{"embeddable":true,"href":"https:\/\/materiality.pl\/en\/wp-json\/wp\/v2\/users\/7"}],"replies":[{"embeddable":true,"href":"https:\/\/materiality.pl\/en\/wp-json\/wp\/v2\/comments?post=5982"}],"version-history":[{"count":3,"href":"https:\/\/materiality.pl\/en\/wp-json\/wp\/v2\/posts\/5982\/revisions"}],"predecessor-version":[{"id":5985,"href":"https:\/\/materiality.pl\/en\/wp-json\/wp\/v2\/posts\/5982\/revisions\/5985"}],"wp:attachment":[{"href":"https:\/\/materiality.pl\/en\/wp-json\/wp\/v2\/media?parent=5982"}],"wp:term":[{"taxonomy":"category","embeddable":true,"href":"https:\/\/materiality.pl\/en\/wp-json\/wp\/v2\/categories?post=5982"},{"taxonomy":"post_tag","embeddable":true,"href":"https:\/\/materiality.pl\/en\/wp-json\/wp\/v2\/tags?post=5982"}],"curies":[{"name":"wp","href":"https:\/\/api.w.org\/{rel}","templated":true}]}}