{"id":878,"date":"2023-04-24T16:50:00","date_gmt":"2023-04-24T14:50:00","guid":{"rendered":"https:\/\/materiality.astrotea.pl\/?p=878"},"modified":"2025-12-03T19:07:41","modified_gmt":"2025-12-03T18:07:41","slug":"forests-and-biodiversity","status":"publish","type":"post","link":"https:\/\/materiality.pl\/en\/wiedza-i-praktyka\/lasy-i-bioroznorodnosc\/","title":{"rendered":"Forests and biodiversity"},"content":{"rendered":"\n<p>Blisko cztery lata temu szukali\u015bmy pomys\u0142u na gwiazdkowe prezenty dla naszych klient\u00f3w i partner\u00f3w biznesowych. Nie chcieli\u015bmy przyk\u0142ada\u0107 r\u0119ki do i tak ogromnej \u015bwi\u0105tecznej konsumpcji wszelkich d\u00f3br. Bud\u017cet zarezerwowany na podarunki postanowili\u015bmy przekaza\u0107 Fundacji Las Na Zawsze, kt\u00f3rej misj\u0105 jest sadzenie bior\u00f3\u017cnorodnych las\u00f3w, kt\u00f3re nigdy nie zostan\u0105 wyci\u0119te, z nadziej\u0105, \u017ce b\u0119dzie to prezent procentuj\u0105cy nam wszystkim w przysz\u0142o\u015bci.<\/p>\n\n\n\n<h2 class=\"wp-block-heading\"><strong>Dlaczego sadzenie bior\u00f3\u017cnorodnych las\u00f3w jest wa\u017cne?<\/strong><\/h2>\n\n\n\n<p>Ma\u0142o kto pami\u0119ta, \u017ce termin \u201esustainability\u201d zosta\u0142 po raz pierwszy sformu\u0142owany przez Hansa Carla von Carlowitza w XVII wieku w\u0142a\u015bnie w kontek\u015bcie gospodarowania lasami, kt\u00f3rych przetrzebienie na potrzeby przemys\u0142u wydobywczego sta\u0142o si\u0119 ekonomicznym problemem \u00f3wczesnej Saksonii. Od tamtego czasu postrzegamy lasy w perspektywie konieczno\u015bci podtrzymania ich funkcji ekonomicznych, spo\u0142ecznych i przyrodniczych, a rozumienie terminu \u201ezr\u00f3wnowa\u017cony rozw\u00f3j\u201d rozszerzy\u0142o si\u0119, wytyczaj\u0105c kierunek naszego wsp\u00f3\u0142czesnego my\u015blenia o gospodarce.<\/p>\n\n\n\n<p>Zadaniem gospodarki le\u015bnej jest podtrzymanie trzech podstawowych funkcji lasu. Funkcja ekonomiczna dotyczy mo\u017cliwo\u015bci sta\u0142ego pozyskiwania zasob\u00f3w, takich jak drewno, runo le\u015bne, zio\u0142a, nasiona i sadzonki, naturalne substancje chemiczne czy zwierzyna le\u015bna. Funkcja spo\u0142eczna oznacza wp\u0142yw lasu na zdrowie i samopoczucie ludzi, a przyrodnicza oznacza poch\u0142anianie dwutlenku w\u0119gla, oczyszczanie powietrza, tworzenie lokalnego mikroklimatu i wp\u0142yw na klimat globalny, zapobieganie erozji i wyja\u0142owieniu gleby, utrzymywanie cyrkulacji wody w przyrodzie, oraz tworzenie warunk\u00f3w do rozwoju bior\u00f3\u017cnorodno\u015bci i z\u0142o\u017conych ekosystem\u00f3w.<\/p>\n\n\n\n<p>Wyzwania zwi\u0105zane z wielkimi wsp\u00f3\u0142czesnymi kryzysami, czyli zmian\u0105 klimatu, zanieczyszczeniem \u015brodowiska i utrat\u0105 bior\u00f3\u017cnorodno\u015bci przyczyniaj\u0105 si\u0119 do konfliktu w sposobie gospodarowania zasobami le\u015bnymi. Lasy, naturalnie poch\u0142aniaj\u0105ce dwutlenek w\u0119gla stanowi\u0105 istotny element dzia\u0142a\u0144 dekarbonizacyjnych. Drewno jako naturalny magazyn dwutlenku w\u0119gla, jednocze\u015bnie trwa\u0142e, ale ulegaj\u0105ce naturalnej biodegradacji, wydaje si\u0119 by\u0107 doskona\u0142ym \u201eekologicznym\u201d wyborem jako materia\u0142 budowlany, surowiec do produkcji mebli, przedmiot\u00f3w codziennego u\u017cytku, opakowa\u0144 i do innych zastosowa\u0144. Takie podej\u015bcie powoduje zwi\u0119kszon\u0105 presj\u0119 na pozyskiwania drewna z las\u00f3w [1]. Badania przeprowadzone w 2020 roku, oparte na analizie zdj\u0119\u0107 satelitarnych [2] wskaza\u0142y, \u017ce od w latach 2016-2018 powierzchnia wyr\u0119bu las\u00f3w w Europie zwi\u0119kszy\u0142a si\u0119 o 49%, przy czym w Polsce odsetek ten by\u0142 wy\u017cszy (58%). Eksploatacja las\u00f3w w takiej skali mo\u017ce zatem utrudni\u0107 realizacj\u0119 unijnych cel\u00f3w zwi\u0105zanych z mitygacj\u0105 zmian klimatu. Intensywna gospodarka le\u015bna powoduje inny negatywny efekt \u015brodowiskowy: zast\u0119powanie las\u00f3w naturalnych monokulturowymi plantacjami le\u015bnymi, kt\u00f3re s\u0105 wprawdzie efektywne w produkcji drewna, ale nieprzydatne w kontek\u015bcie utrzymywania le\u015bnej bior\u00f3\u017cnorodno\u015bci i bogactwa naturalnych le\u015bnych ekosystem\u00f3w.<\/p>\n\n\n\n<p>Wed\u0142ug danych GUS [3], w Polsce lasami pokryte jest 9 265 tys. ha, czyli ok. 30% powierzchni kraju, z kt\u00f3rych 19% jest w r\u0119kach prywatnych, 81% jest w\u0142asno\u015bci\u0105 publiczn\u0105 (Skarbu Pa\u0144stwa i gmin), w tym 77% pozostaje w zarz\u0105dzie Las\u00f3w Pa\u0144stwowych. Zaledwie 2% stanowi\u0105 parki narodowe obj\u0119te ochron\u0105. Innymi s\u0142owy: 98% las\u00f3w w Polsce jest lasami o potencjale gospodarczym, kt\u00f3re przy du\u017cym zapotrzebowaniu rynkowym na drewno, w szybkim tempie zamieniaj\u0105 si\u0119 w plantacje le\u015bne, obsadzane g\u0142\u00f3wnie gatunkami iglastymi (87%), kt\u00f3re charakteryzuj\u0105 si\u0119 mniejsz\u0105 odporno\u015bci\u0105 na ocieplenie klimatu i zanieczyszczenia.<\/p>\n\n\n\n<p>Dane wskazuj\u0105 na to, \u017ce pi\u0119kna r\u00f3wnowaga w gospodarowaniu lasami, o kt\u00f3rej pisa\u0142 Carlowitz, nie zosta\u0142a utrzymana. Dlatego te\u017c wezwanie do dzia\u0142ania Fundacji Las Na Zawsze jest tak wa\u017cne: stw\u00f3rzmy i powi\u0119kszajmy zas\u00f3b naturalnych las\u00f3w, kt\u00f3re obok park\u00f3w narodowych b\u0119d\u0105 mia\u0142y szans\u0119 przyczynia si\u0119 do utrzymania i rozprzestrzeniania le\u015bnej bior\u00f3\u017cnorodno\u015bci. Fundacja swoj\u0105 opiek\u0105 obejmuje lasy naturalne nara\u017cone na wycink\u0119 oraz tereny wylesione i zdegradowane, zgodnie ze standardami <a href=\"https:\/\/www.anralliance.org\/\" target=\"_blank\" rel=\"noopener noreferrer nofollow\">Assisted Natural Regeneration Alliance<\/a>. Zgodnie z celem statutowym Fundacji, <em>\u201enieruchomo\u015bci przekazane na rzecz Fundacji oraz zakupione przez Fundacj\u0119 nie b\u0119d\u0105 dalej zbywane ani obci\u0105\u017cane, a zalesione nie b\u0119d\u0105 podlega\u0107 wycinkom i wyr\u0119bom. (\u2026) Wszystkie lasy Fundacji b\u0119d\u0105 udost\u0119pniane dla ludno\u015bci.\u201d<\/em><\/p>\n\n\n\n<h2 class=\"wp-block-heading\"><strong>Dzie\u0144 w lesie<\/strong><\/h2>\n\n\n\n<p>Razem z ekip\u0105 Lasu Na Zawsze sp\u0119dzili\u015bmy cudowny wiosenny dzie\u0144 w lesie. Wr\u00f3cili\u015bmy na\u0142adowani energi\u0105, kryj\u0105c pod powiekami promienie s\u0142o\u0144ca, \u015bwie\u017co\u015b\u0107 wiosennej zieleni, wdzi\u0119k le\u015bnego dywanu z bia\u0142ych zawilc\u00f3w, odurzeni le\u015bnym powietrzem i \u015bpiewem ptak\u00f3w. A potem policzyli\u015bmy, \u017ce jedna, wst\u0119pnie przeszkolona osoba, w ci\u0105gu godziny jest w stanie zasadzi\u0107 ok. 10-12 sadzonek drzew. W naszym przypadku bilans 5-godzinnego sadzenia w 13 osobowym zespole wyni\u00f3s\u0142 ok. 600 sadzonek pokrywaj\u0105cych teren o powierzchni 7 800 m2. Sadzili\u015bmy drzewa li\u015bciaste: d\u0119by, lipy, czere\u015bnie ptasie, klony, wi\u0105zy i graby.<\/p>\n\n\n\n<figure class=\"wp-block-image size-large\"><img loading=\"lazy\" decoding=\"async\" width=\"1024\" height=\"768\" src=\"https:\/\/materiality.pl\/wp-content\/uploads\/19_Sadzenie_lasu-1024x768.webp\" alt=\"\" class=\"wp-image-883\" srcset=\"https:\/\/materiality.pl\/wp-content\/uploads\/19_Sadzenie_lasu-1024x768.webp 1024w, https:\/\/materiality.pl\/wp-content\/uploads\/19_Sadzenie_lasu-300x225.webp 300w, https:\/\/materiality.pl\/wp-content\/uploads\/19_Sadzenie_lasu-768x576.webp 768w, https:\/\/materiality.pl\/wp-content\/uploads\/19_Sadzenie_lasu-1536x1152.webp 1536w, https:\/\/materiality.pl\/wp-content\/uploads\/19_Sadzenie_lasu.webp 1920w\" sizes=\"auto, (max-width: 1024px) 100vw, 1024px\" \/><\/figure>\n\n\n\n<p>Sadzenie bior\u00f3\u017cnorodnego lasu jest wi\u0119kszym wyzwaniem ni\u017c zasadzenie lasu produkcyjnego. W lesie naturalnym drzewa nie rosn\u0105 w r\u00f3wnych odst\u0119pach, ale tam, gdzie maj\u0105 najlepsze warunki do wzrostu. W naszym przypadku, obsadzali\u015bmy teren naturalnego lasu, kt\u00f3ry zosta\u0142 wykarczowany przez poprzedniego w\u0142a\u015bciciela i odkupiony przez Fundacj\u0119 z intencj\u0105 ponownego zalesienia. Ka\u017cdy do\u0142ek wykopali\u015bmy r\u0119cznie, wyszukuj\u0105c najlepszych miejsc dla naszych sadzonek pomi\u0119dzy karpami (pniakami) wyci\u0119tych drzew. 7 800 m2 to jednak wci\u0105\u017c ma\u0142o, by uczyni\u0107 r\u00f3\u017cnic\u0119. Po czterech latach dzia\u0142ania Fundacja ma na swoim koncie 10,62 ha chronionych dojrza\u0142ych las\u00f3w i 89,09 ha posadzonych las\u00f3w bior\u00f3\u017cnorodnych. Jest jeszcze tak wiele do zrobienia \ud83d\ude42 Czy nie by\u0142oby wspaniale mierzy\u0107 sw\u00f3j \u017cyciowy \u015blad liczb\u0105 zasadzonych drzew? Zach\u0119camy Was, drogie subskrybentki i subskrybenci do podj\u0119cia takiego wyzwania, szczeg\u00f3\u0142y znajdziecie <a href=\"https:\/\/lasnazawsze.org.pl\/\" target=\"_blank\" rel=\"noopener noreferrer nofollow\">na stronie fundacji Las Na Zawsze<\/a>.<\/p>\n\n\n\n<p>Wasz gwiazdkowy prezent ju\u017c ro\u015bnie \ud83d\ude42<\/p>\n\n\n\n<ol class=\"wp-block-list\">\n<li>Blattert, C., M\u00f6nkk\u00f6nen, M., Burgas, D. et al. Climate targets in<\/li>\n\n\n\n<li>European timber-producing countries conflict with goals on forest ecosystem services and biodiversity. Commun Earth Environ 4, 119 (2023). <a href=\"https:\/\/doi.org\/10.1038\/s43247-023-00771-z\" target=\"_blank\" rel=\"noopener noreferrer nofollow\">https:\/\/doi.org\/10.1038\/s43247-023-00771-z<\/a><\/li>\n\n\n\n<li>Ceccherini, G., Duveiller, G., Grassi, G. et al. Abrupt increase in harvested forest area over Europe after 2015. Nature 583, 72\u201377 (2020). <a href=\"https:\/\/doi.org\/10.1038\/s41586-020-2438-y\" target=\"_blank\" rel=\"noopener noreferrer nofollow\">https:\/\/doi.org\/10.1038\/s41586-020-2438-y<\/a><\/li>\n\n\n\n<li>Rocznik Statystyczny Le\u015bnictwa, G\u0142\u00f3wny Urz\u0105d Statystyczny, Urz\u0105d Statystyczny w Bia\u0142ymstoku, Warszawa, Bia\u0142ystok @022<\/li>\n<\/ol>\n","protected":false},"excerpt":{"rendered":"<p>The reporting season has come to an end. Sustainability specialists can finally breathe a sigh of relief and lift their tired eyes from their monitors. The spring weather is conducive to this, encouraging walks and trips into nature. And we at MATERIALITY, tempted by the sunshine, spent last Friday in the forest instead of at our desks... planting trees.<\/p>","protected":false},"author":2,"featured_media":883,"comment_status":"closed","ping_status":"closed","sticky":false,"template":"","format":"standard","meta":{"_monsterinsights_skip_tracking":false,"_monsterinsights_sitenote_active":false,"_monsterinsights_sitenote_note":"","_monsterinsights_sitenote_category":0,"footnotes":""},"categories":[13],"tags":[30,25],"class_list":["post-878","post","type-post","status-publish","format-standard","has-post-thumbnail","hentry","category-newsletter-piotra-biernackiego","tag-aktywnosci-materiality","tag-bioroznorodnosc"],"yoast_head":"<!-- This site is optimized with the Yoast SEO plugin v27.5 - https:\/\/yoast.com\/product\/yoast-seo-wordpress\/ -->\n<title>Lasy i bior\u00f3\u017cnorodno\u015b\u0107 &#8226; MATERIALITY<\/title>\n<meta name=\"robots\" content=\"index, follow, max-snippet:-1, max-image-preview:large, max-video-preview:-1\" \/>\n<link rel=\"canonical\" href=\"https:\/\/materiality.pl\/en\/knowledge-and-practice\/forests-and-biodiversity\/\" \/>\n<meta property=\"og:locale\" content=\"en_US\" \/>\n<meta property=\"og:type\" content=\"article\" \/>\n<meta property=\"og:title\" content=\"Lasy i bior\u00f3\u017cnorodno\u015b\u0107 &#8226; MATERIALITY\" \/>\n<meta property=\"og:description\" content=\"Sezon raportowania dobieg\u0142 ko\u0144ca. Specjali\u015bci ds. zr\u00f3wnowa\u017conego rozwoju mog\u0105 wreszcie odetchn\u0105\u0107 i podnie\u015b\u0107 zm\u0119czone oczy znad monitor\u00f3w. Sprzyja temu wiosenna aura, zach\u0119caj\u0105ca do spacer\u00f3w i wypraw na \u0142ono natury. I my, w MATERIALITY, skuszeni promieniami s\u0142o\u0144ca, ostatni pi\u0105tek zamiast przy biurkach sp\u0119dzili\u015bmy w lesie\u2026 sadz\u0105c drzewa.\" \/>\n<meta property=\"og:url\" content=\"https:\/\/materiality.pl\/en\/knowledge-and-practice\/forests-and-biodiversity\/\" \/>\n<meta property=\"og:site_name\" content=\"MATERIALITY\" \/>\n<meta property=\"article:publisher\" content=\"https:\/\/www.facebook.com\/materialitypl\/\" \/>\n<meta property=\"article:published_time\" content=\"2023-04-24T14:50:00+00:00\" \/>\n<meta property=\"article:modified_time\" content=\"2025-12-03T18:07:41+00:00\" \/>\n<meta property=\"og:image\" content=\"https:\/\/materiality.pl\/wp-content\/uploads\/19_Sadzenie_lasu.webp\" \/>\n\t<meta property=\"og:image:width\" content=\"1920\" \/>\n\t<meta property=\"og:image:height\" content=\"1440\" \/>\n\t<meta property=\"og:image:type\" content=\"image\/webp\" \/>\n<meta name=\"author\" content=\"@dm1N-1G@\" \/>\n<script type=\"application\/ld+json\" class=\"yoast-schema-graph\">{\"@context\":\"https:\\\/\\\/schema.org\",\"@graph\":[{\"@type\":\"Article\",\"@id\":\"https:\\\/\\\/materiality.pl\\\/wiedza-i-praktyka\\\/lasy-i-bioroznorodnosc\\\/#article\",\"isPartOf\":{\"@id\":\"https:\\\/\\\/materiality.pl\\\/wiedza-i-praktyka\\\/lasy-i-bioroznorodnosc\\\/\"},\"author\":{\"name\":\"@dm1N-1G@\",\"@id\":\"https:\\\/\\\/materiality.pl\\\/#\\\/schema\\\/person\\\/add2478f07f77004ce1e942805f5c153\"},\"headline\":\"Lasy i bior\u00f3\u017cnorodno\u015b\u0107\",\"datePublished\":\"2023-04-24T14:50:00+00:00\",\"dateModified\":\"2025-12-03T18:07:41+00:00\",\"mainEntityOfPage\":{\"@id\":\"https:\\\/\\\/materiality.pl\\\/wiedza-i-praktyka\\\/lasy-i-bioroznorodnosc\\\/\"},\"wordCount\":1041,\"publisher\":{\"@id\":\"https:\\\/\\\/materiality.pl\\\/#organization\"},\"image\":{\"@id\":\"https:\\\/\\\/materiality.pl\\\/wiedza-i-praktyka\\\/lasy-i-bioroznorodnosc\\\/#primaryimage\"},\"thumbnailUrl\":\"https:\\\/\\\/materiality.pl\\\/wp-content\\\/uploads\\\/19_Sadzenie_lasu.webp\",\"keywords\":[\"Aktywno\u015bci MATERIALITY\",\"Bior\u00f3\u017cnorodno\u015b\u0107\"],\"articleSection\":[\"Newsletter Piotra Biernackiego\"],\"inLanguage\":\"en-US\"},{\"@type\":\"WebPage\",\"@id\":\"https:\\\/\\\/materiality.pl\\\/wiedza-i-praktyka\\\/lasy-i-bioroznorodnosc\\\/\",\"url\":\"https:\\\/\\\/materiality.pl\\\/wiedza-i-praktyka\\\/lasy-i-bioroznorodnosc\\\/\",\"name\":\"Lasy i bior\u00f3\u017cnorodno\u015b\u0107 &#8226; MATERIALITY\",\"isPartOf\":{\"@id\":\"https:\\\/\\\/materiality.pl\\\/#website\"},\"primaryImageOfPage\":{\"@id\":\"https:\\\/\\\/materiality.pl\\\/wiedza-i-praktyka\\\/lasy-i-bioroznorodnosc\\\/#primaryimage\"},\"image\":{\"@id\":\"https:\\\/\\\/materiality.pl\\\/wiedza-i-praktyka\\\/lasy-i-bioroznorodnosc\\\/#primaryimage\"},\"thumbnailUrl\":\"https:\\\/\\\/materiality.pl\\\/wp-content\\\/uploads\\\/19_Sadzenie_lasu.webp\",\"datePublished\":\"2023-04-24T14:50:00+00:00\",\"dateModified\":\"2025-12-03T18:07:41+00:00\",\"breadcrumb\":{\"@id\":\"https:\\\/\\\/materiality.pl\\\/wiedza-i-praktyka\\\/lasy-i-bioroznorodnosc\\\/#breadcrumb\"},\"inLanguage\":\"en-US\",\"potentialAction\":[{\"@type\":\"ReadAction\",\"target\":[\"https:\\\/\\\/materiality.pl\\\/wiedza-i-praktyka\\\/lasy-i-bioroznorodnosc\\\/\"]}]},{\"@type\":\"ImageObject\",\"inLanguage\":\"en-US\",\"@id\":\"https:\\\/\\\/materiality.pl\\\/wiedza-i-praktyka\\\/lasy-i-bioroznorodnosc\\\/#primaryimage\",\"url\":\"https:\\\/\\\/materiality.pl\\\/wp-content\\\/uploads\\\/19_Sadzenie_lasu.webp\",\"contentUrl\":\"https:\\\/\\\/materiality.pl\\\/wp-content\\\/uploads\\\/19_Sadzenie_lasu.webp\",\"width\":1920,\"height\":1440,\"caption\":\"Sadzimy Las Na Zawsze w 2025 roku\"},{\"@type\":\"BreadcrumbList\",\"@id\":\"https:\\\/\\\/materiality.pl\\\/wiedza-i-praktyka\\\/lasy-i-bioroznorodnosc\\\/#breadcrumb\",\"itemListElement\":[{\"@type\":\"ListItem\",\"position\":1,\"name\":\"Home\",\"item\":\"https:\\\/\\\/materiality.pl\\\/\"},{\"@type\":\"ListItem\",\"position\":2,\"name\":\"Lasy i bior\u00f3\u017cnorodno\u015b\u0107\"}]},{\"@type\":\"WebSite\",\"@id\":\"https:\\\/\\\/materiality.pl\\\/#website\",\"url\":\"https:\\\/\\\/materiality.pl\\\/\",\"name\":\"MATERIALITY\",\"description\":\"Sustainability Pathfinders\",\"publisher\":{\"@id\":\"https:\\\/\\\/materiality.pl\\\/#organization\"},\"alternateName\":\"MATERIALITY\",\"potentialAction\":[{\"@type\":\"SearchAction\",\"target\":{\"@type\":\"EntryPoint\",\"urlTemplate\":\"https:\\\/\\\/materiality.pl\\\/?s={search_term_string}\"},\"query-input\":{\"@type\":\"PropertyValueSpecification\",\"valueRequired\":true,\"valueName\":\"search_term_string\"}}],\"inLanguage\":\"en-US\"},{\"@type\":\"Organization\",\"@id\":\"https:\\\/\\\/materiality.pl\\\/#organization\",\"name\":\"MATERIALITY\",\"alternateName\":\"Materiality\",\"url\":\"https:\\\/\\\/materiality.pl\\\/\",\"logo\":{\"@type\":\"ImageObject\",\"inLanguage\":\"en-US\",\"@id\":\"https:\\\/\\\/materiality.pl\\\/#\\\/schema\\\/logo\\\/image\\\/\",\"url\":\"https:\\\/\\\/materiality.pl\\\/wp-content\\\/uploads\\\/cropped-favicon-materiality.webp\",\"contentUrl\":\"https:\\\/\\\/materiality.pl\\\/wp-content\\\/uploads\\\/cropped-favicon-materiality.webp\",\"width\":512,\"height\":512,\"caption\":\"MATERIALITY\"},\"image\":{\"@id\":\"https:\\\/\\\/materiality.pl\\\/#\\\/schema\\\/logo\\\/image\\\/\"},\"sameAs\":[\"https:\\\/\\\/www.facebook.com\\\/materialitypl\\\/\",\"https:\\\/\\\/www.linkedin.com\\\/company\\\/materialitypl\\\/\"]},{\"@type\":\"Person\",\"@id\":\"https:\\\/\\\/materiality.pl\\\/#\\\/schema\\\/person\\\/add2478f07f77004ce1e942805f5c153\",\"name\":\"@dm1N-1G@\",\"image\":{\"@type\":\"ImageObject\",\"inLanguage\":\"en-US\",\"@id\":\"https:\\\/\\\/secure.gravatar.com\\\/avatar\\\/0965ab2ca89366c100a6978315ef84a1db5832cc251654877b049a0e3b966653?s=96&d=mm&r=g\",\"url\":\"https:\\\/\\\/secure.gravatar.com\\\/avatar\\\/0965ab2ca89366c100a6978315ef84a1db5832cc251654877b049a0e3b966653?s=96&d=mm&r=g\",\"contentUrl\":\"https:\\\/\\\/secure.gravatar.com\\\/avatar\\\/0965ab2ca89366c100a6978315ef84a1db5832cc251654877b049a0e3b966653?s=96&d=mm&r=g\",\"caption\":\"@dm1N-1G@\"}}]}<\/script>\n<!-- \/ Yoast SEO plugin. -->","yoast_head_json":{"title":"Forests and biodiversity - MATERIALITY","robots":{"index":"index","follow":"follow","max-snippet":"max-snippet:-1","max-image-preview":"max-image-preview:large","max-video-preview":"max-video-preview:-1"},"canonical":"https:\/\/materiality.pl\/en\/knowledge-and-practice\/forests-and-biodiversity\/","og_locale":"en_US","og_type":"article","og_title":"Lasy i bior\u00f3\u017cnorodno\u015b\u0107 &#8226; MATERIALITY","og_description":"Sezon raportowania dobieg\u0142 ko\u0144ca. Specjali\u015bci ds. zr\u00f3wnowa\u017conego rozwoju mog\u0105 wreszcie odetchn\u0105\u0107 i podnie\u015b\u0107 zm\u0119czone oczy znad monitor\u00f3w. Sprzyja temu wiosenna aura, zach\u0119caj\u0105ca do spacer\u00f3w i wypraw na \u0142ono natury. I my, w MATERIALITY, skuszeni promieniami s\u0142o\u0144ca, ostatni pi\u0105tek zamiast przy biurkach sp\u0119dzili\u015bmy w lesie\u2026 sadz\u0105c drzewa.","og_url":"https:\/\/materiality.pl\/en\/knowledge-and-practice\/forests-and-biodiversity\/","og_site_name":"MATERIALITY","article_publisher":"https:\/\/www.facebook.com\/materialitypl\/","article_published_time":"2023-04-24T14:50:00+00:00","article_modified_time":"2025-12-03T18:07:41+00:00","og_image":[{"width":1920,"height":1440,"url":"https:\/\/materiality.pl\/wp-content\/uploads\/19_Sadzenie_lasu.webp","type":"image\/webp"}],"author":"@dm1N-1G@","schema":{"@context":"https:\/\/schema.org","@graph":[{"@type":"Article","@id":"https:\/\/materiality.pl\/wiedza-i-praktyka\/lasy-i-bioroznorodnosc\/#article","isPartOf":{"@id":"https:\/\/materiality.pl\/wiedza-i-praktyka\/lasy-i-bioroznorodnosc\/"},"author":{"name":"@dm1N-1G@","@id":"https:\/\/materiality.pl\/#\/schema\/person\/add2478f07f77004ce1e942805f5c153"},"headline":"Lasy i bior\u00f3\u017cnorodno\u015b\u0107","datePublished":"2023-04-24T14:50:00+00:00","dateModified":"2025-12-03T18:07:41+00:00","mainEntityOfPage":{"@id":"https:\/\/materiality.pl\/wiedza-i-praktyka\/lasy-i-bioroznorodnosc\/"},"wordCount":1041,"publisher":{"@id":"https:\/\/materiality.pl\/#organization"},"image":{"@id":"https:\/\/materiality.pl\/wiedza-i-praktyka\/lasy-i-bioroznorodnosc\/#primaryimage"},"thumbnailUrl":"https:\/\/materiality.pl\/wp-content\/uploads\/19_Sadzenie_lasu.webp","keywords":["Aktywno\u015bci MATERIALITY","Bior\u00f3\u017cnorodno\u015b\u0107"],"articleSection":["Newsletter Piotra Biernackiego"],"inLanguage":"en-US"},{"@type":"WebPage","@id":"https:\/\/materiality.pl\/wiedza-i-praktyka\/lasy-i-bioroznorodnosc\/","url":"https:\/\/materiality.pl\/wiedza-i-praktyka\/lasy-i-bioroznorodnosc\/","name":"Forests and biodiversity - MATERIALITY","isPartOf":{"@id":"https:\/\/materiality.pl\/#website"},"primaryImageOfPage":{"@id":"https:\/\/materiality.pl\/wiedza-i-praktyka\/lasy-i-bioroznorodnosc\/#primaryimage"},"image":{"@id":"https:\/\/materiality.pl\/wiedza-i-praktyka\/lasy-i-bioroznorodnosc\/#primaryimage"},"thumbnailUrl":"https:\/\/materiality.pl\/wp-content\/uploads\/19_Sadzenie_lasu.webp","datePublished":"2023-04-24T14:50:00+00:00","dateModified":"2025-12-03T18:07:41+00:00","breadcrumb":{"@id":"https:\/\/materiality.pl\/wiedza-i-praktyka\/lasy-i-bioroznorodnosc\/#breadcrumb"},"inLanguage":"en-US","potentialAction":[{"@type":"ReadAction","target":["https:\/\/materiality.pl\/wiedza-i-praktyka\/lasy-i-bioroznorodnosc\/"]}]},{"@type":"ImageObject","inLanguage":"en-US","@id":"https:\/\/materiality.pl\/wiedza-i-praktyka\/lasy-i-bioroznorodnosc\/#primaryimage","url":"https:\/\/materiality.pl\/wp-content\/uploads\/19_Sadzenie_lasu.webp","contentUrl":"https:\/\/materiality.pl\/wp-content\/uploads\/19_Sadzenie_lasu.webp","width":1920,"height":1440,"caption":"Sadzimy Las Na Zawsze w 2025 roku"},{"@type":"BreadcrumbList","@id":"https:\/\/materiality.pl\/wiedza-i-praktyka\/lasy-i-bioroznorodnosc\/#breadcrumb","itemListElement":[{"@type":"ListItem","position":1,"name":"Home","item":"https:\/\/materiality.pl\/"},{"@type":"ListItem","position":2,"name":"Lasy i bior\u00f3\u017cnorodno\u015b\u0107"}]},{"@type":"WebSite","@id":"https:\/\/materiality.pl\/#website","url":"https:\/\/materiality.pl\/","name":"MATERIALITY","description":"Sustainability Pathfinders","publisher":{"@id":"https:\/\/materiality.pl\/#organization"},"alternateName":"MATERIALITY","potentialAction":[{"@type":"SearchAction","target":{"@type":"EntryPoint","urlTemplate":"https:\/\/materiality.pl\/?s={search_term_string}"},"query-input":{"@type":"PropertyValueSpecification","valueRequired":true,"valueName":"search_term_string"}}],"inLanguage":"en-US"},{"@type":"Organization","@id":"https:\/\/materiality.pl\/#organization","name":"MATERIALITY","alternateName":"Materiality","url":"https:\/\/materiality.pl\/","logo":{"@type":"ImageObject","inLanguage":"en-US","@id":"https:\/\/materiality.pl\/#\/schema\/logo\/image\/","url":"https:\/\/materiality.pl\/wp-content\/uploads\/cropped-favicon-materiality.webp","contentUrl":"https:\/\/materiality.pl\/wp-content\/uploads\/cropped-favicon-materiality.webp","width":512,"height":512,"caption":"MATERIALITY"},"image":{"@id":"https:\/\/materiality.pl\/#\/schema\/logo\/image\/"},"sameAs":["https:\/\/www.facebook.com\/materialitypl\/","https:\/\/www.linkedin.com\/company\/materialitypl\/"]},{"@type":"Person","@id":"https:\/\/materiality.pl\/#\/schema\/person\/add2478f07f77004ce1e942805f5c153","name":"@dm1N-1G@","image":{"@type":"ImageObject","inLanguage":"en-US","@id":"https:\/\/secure.gravatar.com\/avatar\/0965ab2ca89366c100a6978315ef84a1db5832cc251654877b049a0e3b966653?s=96&d=mm&r=g","url":"https:\/\/secure.gravatar.com\/avatar\/0965ab2ca89366c100a6978315ef84a1db5832cc251654877b049a0e3b966653?s=96&d=mm&r=g","contentUrl":"https:\/\/secure.gravatar.com\/avatar\/0965ab2ca89366c100a6978315ef84a1db5832cc251654877b049a0e3b966653?s=96&d=mm&r=g","caption":"@dm1N-1G@"}}]}},"_links":{"self":[{"href":"https:\/\/materiality.pl\/en\/wp-json\/wp\/v2\/posts\/878","targetHints":{"allow":["GET"]}}],"collection":[{"href":"https:\/\/materiality.pl\/en\/wp-json\/wp\/v2\/posts"}],"about":[{"href":"https:\/\/materiality.pl\/en\/wp-json\/wp\/v2\/types\/post"}],"author":[{"embeddable":true,"href":"https:\/\/materiality.pl\/en\/wp-json\/wp\/v2\/users\/2"}],"replies":[{"embeddable":true,"href":"https:\/\/materiality.pl\/en\/wp-json\/wp\/v2\/comments?post=878"}],"version-history":[{"count":3,"href":"https:\/\/materiality.pl\/en\/wp-json\/wp\/v2\/posts\/878\/revisions"}],"predecessor-version":[{"id":884,"href":"https:\/\/materiality.pl\/en\/wp-json\/wp\/v2\/posts\/878\/revisions\/884"}],"wp:featuredmedia":[{"embeddable":true,"href":"https:\/\/materiality.pl\/en\/wp-json\/wp\/v2\/media\/883"}],"wp:attachment":[{"href":"https:\/\/materiality.pl\/en\/wp-json\/wp\/v2\/media?parent=878"}],"wp:term":[{"taxonomy":"category","embeddable":true,"href":"https:\/\/materiality.pl\/en\/wp-json\/wp\/v2\/categories?post=878"},{"taxonomy":"post_tag","embeddable":true,"href":"https:\/\/materiality.pl\/en\/wp-json\/wp\/v2\/tags?post=878"}],"curies":[{"name":"wp","href":"https:\/\/api.w.org\/{rel}","templated":true}]}}